{"id":13057,"date":"2025-05-15T09:30:36","date_gmt":"2025-05-15T07:30:36","guid":{"rendered":"https:\/\/rco.be\/?p=13057"},"modified":"2025-05-12T09:11:45","modified_gmt":"2025-05-12T07:11:45","slug":"mise-a-jour-ecrans-smartboard","status":"publish","type":"post","link":"https:\/\/rco.be\/en\/mise-a-jour-ecrans-smartboard\/","title":{"rendered":"Mise \u00e0 jour de l&rsquo;interface iQ des \u00e9crans SMARTBoard : iQ 4.4 enfin disponible !"},"content":{"rendered":"<div class=\"wpb-content-wrapper\"><div class=\"vc_row wpb_row vc_row-fluid\"><div class=\"wpb_column vc_column_container vc_col-sm-12\"><div class=\"vc_column-inner\"><div class=\"wpb_wrapper\">\n\t<div class=\"wpb_text_column wpb_content_element  vc_custom_1747033326713\" >\n\t\t<div class=\"wpb_wrapper\">\n\t\t\t<p>Les <strong>\u00e9crans SMARTBoard<\/strong> \u00e9voluent encore avec la toute nouvelle mise \u00e0 jour <strong>iQ 4.4<\/strong> ! Disponible depuis mars 2025, cette version introduit des fonctionnalit\u00e9s innovantes pour <strong>faciliter l\u2019enseignement, booster la collaboration et simplifier l\u2019administration informatique<\/strong>.<\/p>\n<p>D\u00e9couvrez tout ce que cette mise \u00e0 jour apporte aux <strong>\u00e9crans interactifs SMARTBoard<\/strong> et pourquoi elle est essentielle pour les utilisateurs en entreprise et dans l\u2019\u00e9ducation.<\/p>\n\n\t\t<\/div>\n\t<\/div>\n<\/div><\/div><\/div><\/div><div class=\"vc_row wpb_row vc_row-fluid\"><div class=\"wpb_column vc_column_container vc_col-sm-12\"><div class=\"vc_column-inner\"><div class=\"wpb_wrapper\"><div id=\"ultimate-heading-23369f322e0db548\" class=\"uvc-heading ult-adjust-bottom-margin ultimate-heading-23369f322e0db548 uvc-3067  uvc-heading-default-font-sizes\" data-hspacer=\"line_only\"  data-halign=\"left\" style=\"text-align:left\"><div class=\"uvc-sub-heading ult-responsive\"  data-ultimate-target='.uvc-heading.ultimate-heading-23369f322e0db548 .uvc-sub-heading '  data-responsive-json-new='{\"font-size\":\"\",\"line-height\":\"\"}'  style=\"font-weight:normal;\"><\/p>\n<h2>Un bond en avant pour l\u2019interface iQ des \u00e9crans SMARTBoard<\/h2>\n<p><\/div><div class=\"uvc-heading-spacer line_only\" style=\"margin-bottom:15px;height:2px;\"><span class=\"uvc-headings-line\" style=\"border-style:solid;border-bottom-width:2px;border-color:#233660;width:200px;\"><\/span><\/div><\/div>\n\t<div class=\"wpb_text_column wpb_content_element\" >\n\t\t<div class=\"wpb_wrapper\">\n\t\t\t<p>Avec <strong>iQ 4.4<\/strong>, les <strong>\u00e9crans SMARTBoard<\/strong> b\u00e9n\u00e9ficient d\u2019une interface plus fluide, plus intuitive et plus performante. <strong>De la connexion simplifi\u00e9e \u00e0 une gestion avanc\u00e9e<\/strong>, cette mise \u00e0 jour optimise l\u2019exp\u00e9rience utilisateur \u00e0 tous les niveaux.<\/p>\n\n\t\t<\/div>\n\t<\/div>\n<div class=\"vc_separator wpb_content_element vc_separator_align_center vc_sep_width_100 vc_sep_dashed vc_sep_border_width_10 vc_sep_pos_align_center vc_separator_no_text vc_custom_1730368536089 wpb_content_element  vc_custom_1730368536089 wpb_content_element\" ><span class=\"vc_sep_holder vc_sep_holder_l\"><span style=\"border-color:#FFFFFF;\" class=\"vc_sep_line\"><\/span><\/span><span class=\"vc_sep_holder vc_sep_holder_r\"><span style=\"border-color:#FFFFFF;\" class=\"vc_sep_line\"><\/span><\/span>\n<\/div>\n\t<div class=\"wpb_text_column wpb_content_element\" >\n\t\t<div class=\"wpb_wrapper\">\n\t\t\t<h3>Connexion NFC ultra-rapide : un acc\u00e8s en un seul geste<\/h3>\n<p>Fini les identifications longues et fastidieuses ! Gr\u00e2ce \u00e0 la <strong>connexion NFC en un seul clic<\/strong>, les utilisateurs peuvent <strong>acc\u00e9der instantan\u00e9ment \u00e0 leur \u00e9cran SMARTBoard<\/strong> en passant simplement leur badge.<\/p>\n<p>Une fonctionnalit\u00e9 qui acc\u00e9l\u00e8re les flux de travail et garantit une <strong>connexion s\u00e9curis\u00e9e et efficace<\/strong>.<\/p>\n<h3>Un lanceur sur mesure pour une interface adapt\u00e9e \u00e0 chaque besoin<\/h3>\n<p>Avec <strong>iQ 4.4<\/strong>, les utilisateurs peuvent d\u00e9sormais choisir parmi <strong>quatre configurations d&rsquo;accueil<\/strong>, parfaitement adapt\u00e9es \u00e0 leurs besoins :<\/p>\n<ul>\n<li><strong>iQ pour l\u2019\u00e9ducation (par d\u00e9faut)<\/strong> : une version compl\u00e8te avec <strong>toutes les fonctionnalit\u00e9s p\u00e9dagogiques avanc\u00e9es<\/strong>.<\/li>\n<li><strong>iQ pour l\u2019\u00e9ducation (essentiels)<\/strong> : une interface all\u00e9g\u00e9e, id\u00e9ale pour <strong>une prise en main rapide en classe<\/strong>.<\/li>\n<li><strong>iQ pour les entreprises<\/strong> : un environnement con\u00e7u pour <strong>les salles de r\u00e9union et les espaces de collaboration professionnelle<\/strong>.<\/li>\n<li><strong>iQ pour entreprise (essentiels)<\/strong> : une version simplifi\u00e9e pour <strong>les entreprises cherchant \u00e0 optimiser leurs outils collaboratifs<\/strong>.<\/li>\n<\/ul>\n\n\t\t<\/div>\n\t<\/div>\n<div class=\"vc_separator wpb_content_element vc_separator_align_center vc_sep_width_100 vc_sep_dashed vc_sep_border_width_10 vc_sep_pos_align_center vc_separator_no_text vc_custom_1730368536089 wpb_content_element  vc_custom_1730368536089 wpb_content_element\" ><span class=\"vc_sep_holder vc_sep_holder_l\"><span style=\"border-color:#FFFFFF;\" class=\"vc_sep_line\"><\/span><\/span><span class=\"vc_sep_holder vc_sep_holder_r\"><span style=\"border-color:#FFFFFF;\" class=\"vc_sep_line\"><\/span><\/span>\n<\/div><\/div><\/div><\/div><\/div><div class=\"vc_row wpb_row vc_row-fluid\"><div class=\"wpb_column vc_column_container vc_col-sm-12\"><div class=\"vc_column-inner\"><div class=\"wpb_wrapper\"><div id=\"ultimate-heading-992869f322e0dc02b\" class=\"uvc-heading ult-adjust-bottom-margin ultimate-heading-992869f322e0dc02b uvc-4133  uvc-heading-default-font-sizes\" data-hspacer=\"line_only\"  data-halign=\"left\" style=\"text-align:left\"><div class=\"uvc-sub-heading ult-responsive\"  data-ultimate-target='.uvc-heading.ultimate-heading-992869f322e0dc02b .uvc-sub-heading '  data-responsive-json-new='{\"font-size\":\"\",\"line-height\":\"\"}'  style=\"font-weight:normal;\"><\/p>\n<h2>Le tableau blanc des \u00e9crans SMARTBoard encore plus puissant !<\/h2>\n<p><\/div><div class=\"uvc-heading-spacer line_only\" style=\"margin-bottom:15px;height:2px;\"><span class=\"uvc-headings-line\" style=\"border-style:solid;border-bottom-width:2px;border-color:#233660;width:200px;\"><\/span><\/div><\/div>\n\t<div class=\"wpb_text_column wpb_content_element\" >\n\t\t<div class=\"wpb_wrapper\">\n\t\t\t<p>Les outils d\u2019annotation et de collaboration des <strong>\u00e9crans SMARTBoard<\/strong> deviennent plus performants avec des am\u00e9liorations pratiques qui rendent <strong>l&rsquo;enseignement et les r\u00e9unions encore plus interactifs<\/strong>.<\/p>\n\n\t\t<\/div>\n\t<\/div>\n<div class=\"vc_separator wpb_content_element vc_separator_align_center vc_sep_width_100 vc_sep_dashed vc_sep_border_width_10 vc_sep_pos_align_center vc_separator_no_text vc_custom_1730368536089 wpb_content_element  vc_custom_1730368536089 wpb_content_element\" ><span class=\"vc_sep_holder vc_sep_holder_l\"><span style=\"border-color:#FFFFFF;\" class=\"vc_sep_line\"><\/span><\/span><span class=\"vc_sep_holder vc_sep_holder_r\"><span style=\"border-color:#FFFFFF;\" class=\"vc_sep_line\"><\/span><\/span>\n<\/div>\n\t<div class=\"wpb_text_column wpb_content_element\" >\n\t\t<div class=\"wpb_wrapper\">\n\t\t\t<h3>Des arri\u00e8re-plans personnalis\u00e9s pour un affichage unique<\/h3>\n<p>Il est d\u00e9sormais possible <strong>d&rsquo;ajouter des images d\u2019arri\u00e8re-plan<\/strong> au tableau blanc, offrant ainsi une personnalisation accrue pour les pr\u00e9sentations et les le\u00e7ons. <strong>Une flexibilit\u00e9 bienvenue<\/strong> pour adapter l\u2019affichage aux besoins des utilisateurs.<\/p>\n<h3>Un copier-coller optimis\u00e9 pour plus de fluidit\u00e9<\/h3>\n<p>Gr\u00e2ce aux <strong>nouvelles fonctionnalit\u00e9s du presse-papiers<\/strong>, les utilisateurs peuvent d\u00e9sormais <strong>copier, couper et coller<\/strong> facilement des \u00e9l\u00e9ments d\u2019une page \u00e0 l\u2019autre du tableau blanc. <strong>Une v\u00e9ritable avanc\u00e9e<\/strong> pour organiser rapidement ses notes et am\u00e9liorer l\u2019efficacit\u00e9 des cours et r\u00e9unions.<\/p>\n\n\t\t<\/div>\n\t<\/div>\n<div class=\"vc_separator wpb_content_element vc_separator_align_center vc_sep_width_100 vc_sep_dashed vc_sep_border_width_10 vc_sep_pos_align_center vc_separator_no_text vc_custom_1730368536089 wpb_content_element  vc_custom_1730368536089 wpb_content_element\" ><span class=\"vc_sep_holder vc_sep_holder_l\"><span style=\"border-color:#FFFFFF;\" class=\"vc_sep_line\"><\/span><\/span><span class=\"vc_sep_holder vc_sep_holder_r\"><span style=\"border-color:#FFFFFF;\" class=\"vc_sep_line\"><\/span><\/span>\n<\/div><\/div><\/div><\/div><\/div><div class=\"vc_row wpb_row vc_row-fluid\"><div class=\"wpb_column vc_column_container vc_col-sm-12\"><div class=\"vc_column-inner\"><div class=\"wpb_wrapper\"><div id=\"ultimate-heading-404769f322e0dc974\" class=\"uvc-heading ult-adjust-bottom-margin ultimate-heading-404769f322e0dc974 uvc-7213  uvc-heading-default-font-sizes\" data-hspacer=\"line_only\"  data-halign=\"left\" style=\"text-align:left\"><div class=\"uvc-sub-heading ult-responsive\"  data-ultimate-target='.uvc-heading.ultimate-heading-404769f322e0dc974 .uvc-sub-heading '  data-responsive-json-new='{\"font-size\":\"\",\"line-height\":\"\"}'  style=\"font-weight:normal;\"><\/p>\n<h2>Une gestion informatique renforc\u00e9e pour les administrateurs IT<\/h2>\n<p><\/div><div class=\"uvc-heading-spacer line_only\" style=\"margin-bottom:15px;height:2px;\"><span class=\"uvc-headings-line\" style=\"border-style:solid;border-bottom-width:2px;border-color:#233660;width:200px;\"><\/span><\/div><\/div>\n\t<div class=\"wpb_text_column wpb_content_element\" >\n\t\t<div class=\"wpb_wrapper\">\n\t\t\t<p>Les administrateurs b\u00e9n\u00e9ficient d\u2019outils in\u00e9dits pour <strong>g\u00e9rer, s\u00e9curiser et optimiser les \u00e9crans SMARTBoard<\/strong> \u00e0 distance. <strong>Une gestion simplifi\u00e9e et plus efficace<\/strong> pour un parc d\u2019\u00e9quipements performant.<\/p>\n\n\t\t<\/div>\n\t<\/div>\n<div class=\"vc_separator wpb_content_element vc_separator_align_center vc_sep_width_100 vc_sep_dashed vc_sep_border_width_10 vc_sep_pos_align_center vc_separator_no_text vc_custom_1730368536089 wpb_content_element  vc_custom_1730368536089 wpb_content_element\" ><span class=\"vc_sep_holder vc_sep_holder_l\"><span style=\"border-color:#FFFFFF;\" class=\"vc_sep_line\"><\/span><\/span><span class=\"vc_sep_holder vc_sep_holder_r\"><span style=\"border-color:#FFFFFF;\" class=\"vc_sep_line\"><\/span><\/span>\n<\/div>\n\t<div class=\"wpb_text_column wpb_content_element\" >\n\t\t<div class=\"wpb_wrapper\">\n\t\t\t<h3>D\u00e9connexion automatique : plus de s\u00e9curit\u00e9 pour les donn\u00e9es<\/h3>\n<p>La mise \u00e0 jour <strong>iQ 4.4<\/strong> int\u00e8gre une <strong>d\u00e9connexion automatique<\/strong> qui garantit que les informations des utilisateurs ne restent pas accessibles apr\u00e8s une p\u00e9riode d&rsquo;inactivit\u00e9. <strong>Un atout majeur pour la confidentialit\u00e9 et la s\u00e9curit\u00e9<\/strong> des donn\u00e9es.<\/p>\n<h3>Des commandes \u00e0 distance encore plus avanc\u00e9es<\/h3>\n<p>Avec <strong>de nouvelles options de gestion \u00e0 distance<\/strong>, les administrateurs peuvent <strong>superviser et contr\u00f4ler les \u00e9crans SMARTBoard plus facilement<\/strong>, r\u00e9duisant ainsi les interventions sur site et <strong>optimisant la maintenance<\/strong>.<\/p>\n<h3>Compatibilit\u00e9 avec Relution et Microsoft Intune<\/h3>\n<p>Les <strong>\u00e9crans SMARTBoard<\/strong> peuvent d\u00e9sormais \u00eatre <strong>g\u00e9r\u00e9s via des outils tiers<\/strong> comme <strong>Relution et Microsoft Intune<\/strong>, offrant <strong>une flexibilit\u00e9 accrue<\/strong> pour les services IT en entreprise et en milieu \u00e9ducatif.<\/p>\n<h3>Un param\u00e9trage d\u2019entr\u00e9e par d\u00e9faut pour un usage optimis\u00e9<\/h3>\n<p>La mise \u00e0 jour permet de <strong>choisir une entr\u00e9e par d\u00e9faut<\/strong> (iQ ou entr\u00e9e externe) lors du d\u00e9marrage ou apr\u00e8s une mise en veille, garantissant <strong>une continuit\u00e9 fluide dans l\u2019utilisation des \u00e9crans SMARTBoard<\/strong>.<\/p>\n\n\t\t<\/div>\n\t<\/div>\n<div class=\"vc_separator wpb_content_element vc_separator_align_center vc_sep_width_100 vc_sep_dashed vc_sep_border_width_10 vc_sep_pos_align_center vc_separator_no_text vc_custom_1730368536089 wpb_content_element  vc_custom_1730368536089 wpb_content_element\" ><span class=\"vc_sep_holder vc_sep_holder_l\"><span style=\"border-color:#FFFFFF;\" class=\"vc_sep_line\"><\/span><\/span><span class=\"vc_sep_holder vc_sep_holder_r\"><span style=\"border-color:#FFFFFF;\" class=\"vc_sep_line\"><\/span><\/span>\n<\/div><\/div><\/div><\/div><\/div><div class=\"vc_row wpb_row vc_row-fluid\"><div class=\"wpb_column vc_column_container vc_col-sm-12\"><div class=\"vc_column-inner\"><div class=\"wpb_wrapper\"><div id=\"ultimate-heading-345069f322e0dd2ed\" class=\"uvc-heading ult-adjust-bottom-margin ultimate-heading-345069f322e0dd2ed uvc-1796  uvc-heading-default-font-sizes\" data-hspacer=\"line_only\"  data-halign=\"left\" style=\"text-align:left\"><div class=\"uvc-sub-heading ult-responsive\"  data-ultimate-target='.uvc-heading.ultimate-heading-345069f322e0dd2ed .uvc-sub-heading '  data-responsive-json-new='{\"font-size\":\"\",\"line-height\":\"\"}'  style=\"font-weight:normal;\"><\/p>\n<h2>SMART Mirror 4.41 : un partage d\u2019\u00e9cran encore plus puissant<\/h2>\n<p><\/div><div class=\"uvc-heading-spacer line_only\" style=\"margin-bottom:15px;height:2px;\"><span class=\"uvc-headings-line\" style=\"border-style:solid;border-bottom-width:2px;border-color:#233660;width:200px;\"><\/span><\/div><\/div>\n\t<div class=\"wpb_text_column wpb_content_element\" >\n\t\t<div class=\"wpb_wrapper\">\n\t\t\t<p>Avec <strong>SMART Mirror 4.41<\/strong>, les <strong>\u00e9crans SMARTBoard<\/strong> b\u00e9n\u00e9ficient d\u2019une <strong>exp\u00e9rience de partage d\u2019\u00e9cran optimis\u00e9e<\/strong>, rendant la collaboration <strong>encore plus intuitive et efficace<\/strong>.<\/p>\n\n\t\t<\/div>\n\t<\/div>\n<div class=\"vc_separator wpb_content_element vc_separator_align_center vc_sep_width_100 vc_sep_dashed vc_sep_border_width_10 vc_sep_pos_align_center vc_separator_no_text vc_custom_1730368536089 wpb_content_element  vc_custom_1730368536089 wpb_content_element\" ><span class=\"vc_sep_holder vc_sep_holder_l\"><span style=\"border-color:#FFFFFF;\" class=\"vc_sep_line\"><\/span><\/span><span class=\"vc_sep_holder vc_sep_holder_r\"><span style=\"border-color:#FFFFFF;\" class=\"vc_sep_line\"><\/span><\/span>\n<\/div>\n\t<div class=\"wpb_text_column wpb_content_element\" >\n\t\t<div class=\"wpb_wrapper\">\n\t\t\t<h3>Une t\u00e9l\u00e9commande pour un contr\u00f4le total du partage d\u2019\u00e9cran<\/h3>\n<p>Gr\u00e2ce \u00e0 la <strong>nouvelle fonctionnalit\u00e9 de t\u00e9l\u00e9commande<\/strong>, les utilisateurs peuvent <strong>g\u00e9rer leur partage d\u2019\u00e9cran \u00e0 distance<\/strong>, rendant les pr\u00e9sentations et cours <strong>plus interactifs et dynamiques<\/strong>.<\/p>\n\n\t\t<\/div>\n\t<\/div>\n<div class=\"vc_separator wpb_content_element vc_separator_align_center vc_sep_width_100 vc_sep_dashed vc_sep_border_width_10 vc_sep_pos_align_center vc_separator_no_text vc_custom_1730368536089 wpb_content_element  vc_custom_1730368536089 wpb_content_element\" ><span class=\"vc_sep_holder vc_sep_holder_l\"><span style=\"border-color:#FFFFFF;\" class=\"vc_sep_line\"><\/span><\/span><span class=\"vc_sep_holder vc_sep_holder_r\"><span style=\"border-color:#FFFFFF;\" class=\"vc_sep_line\"><\/span><\/span>\n<\/div><\/div><\/div><\/div><\/div><div class=\"vc_row wpb_row vc_row-fluid\"><div class=\"wpb_column vc_column_container vc_col-sm-12\"><div class=\"vc_column-inner\"><div class=\"wpb_wrapper\"><div id=\"ultimate-heading-339869f322e0ddbbc\" class=\"uvc-heading ult-adjust-bottom-margin ultimate-heading-339869f322e0ddbbc uvc-7207  uvc-heading-default-font-sizes\" data-hspacer=\"line_only\"  data-halign=\"left\" style=\"text-align:left\"><div class=\"uvc-sub-heading ult-responsive\"  data-ultimate-target='.uvc-heading.ultimate-heading-339869f322e0ddbbc .uvc-sub-heading '  data-responsive-json-new='{\"font-size\":\"\",\"line-height\":\"\"}'  style=\"font-weight:normal;\"><\/p>\n<h2>Pourquoi adopter la mise \u00e0 jour iQ 4.4 sur votre \u00e9cran SMARTBoard ?<\/h2>\n<p><\/div><div class=\"uvc-heading-spacer line_only\" style=\"margin-bottom:15px;height:2px;\"><span class=\"uvc-headings-line\" style=\"border-style:solid;border-bottom-width:2px;border-color:#233660;width:200px;\"><\/span><\/div><\/div>\n\t<div class=\"wpb_text_column wpb_content_element\" >\n\t\t<div class=\"wpb_wrapper\">\n\t\t\t<p>Avec <strong>iQ 4.4<\/strong>, les <strong>\u00e9crans SMARTBoard<\/strong> franchissent un nouveau cap en mati\u00e8re <strong>d\u2019ergonomie, de s\u00e9curit\u00e9 et de personnalisation<\/strong>.<\/p>\n<p>Que ce soit pour l\u2019\u00e9ducation ou les entreprises, cette mise \u00e0 jour <strong>offre des outils puissants pour une collaboration et un enseignement optimis\u00e9s<\/strong>.<\/p>\n<p>Vous utilisez <strong>un \u00e9cran SMARTBoard <\/strong>? Assurez-vous d\u2019installer<strong> la mise \u00e0 jour iQ 4.4 <\/strong>pour profiter de toutes<strong> ces nouvelles fonctionnalit\u00e9s<\/strong> !<\/p>\n\n\t\t<\/div>\n\t<\/div>\n<div class=\"vc_separator wpb_content_element vc_separator_align_center vc_sep_width_100 vc_sep_dashed vc_sep_border_width_10 vc_sep_pos_align_center vc_separator_no_text vc_custom_1730368536089 wpb_content_element  vc_custom_1730368536089 wpb_content_element\" ><span class=\"vc_sep_holder vc_sep_holder_l\"><span style=\"border-color:#FFFFFF;\" class=\"vc_sep_line\"><\/span><\/span><span class=\"vc_sep_holder vc_sep_holder_r\"><span style=\"border-color:#FFFFFF;\" class=\"vc_sep_line\"><\/span><\/span>\n<\/div><\/div><\/div><\/div><\/div>\n<\/div>","protected":false},"excerpt":{"rendered":"<p>D\u00e9couvrez la mise \u00e0 jour iQ 4.4 des \u00e9crans SMARTBoard, avec de nouvelles fonctionnalit\u00e9s et une gestion optimis\u00e9e.<\/p>","protected":false},"author":4,"featured_media":13061,"comment_status":"closed","ping_status":"closed","sticky":false,"template":"","format":"standard","meta":{"footnotes":""},"categories":[7],"tags":[],"class_list":["post-13057","post","type-post","status-publish","format-standard","has-post-thumbnail","hentry","category-actualites","category-7","description-off"],"yoast_head":"<!-- This site is optimized with the Yoast SEO plugin v27.1.1 - https:\/\/yoast.com\/product\/yoast-seo-wordpress\/ -->\n<title>Mise \u00e0 jour iQ 4.4 des SMARTBoard : nouveaut\u00e9s et am\u00e9liorations<\/title>\n<meta name=\"description\" content=\"D\u00e9couvrez la mise \u00e0 jour iQ 4.4 des \u00e9crans SMARTBoard : nouvelles fonctionnalit\u00e9s, meilleure gestion et outils de collaboration am\u00e9lior\u00e9s.\" \/>\n<meta name=\"robots\" content=\"index, follow, max-snippet:-1, max-image-preview:large, max-video-preview:-1\" \/>\n<link rel=\"canonical\" href=\"https:\/\/rco.be\/en\/mise-a-jour-ecrans-smartboard\/\" \/>\n<meta property=\"og:locale\" content=\"en_GB\" \/>\n<meta property=\"og:type\" content=\"article\" \/>\n<meta property=\"og:title\" content=\"Mise \u00e0 jour iQ 4.4 des SMARTBoard : nouveaut\u00e9s et am\u00e9liorations\" \/>\n<meta property=\"og:description\" content=\"D\u00e9couvrez la mise \u00e0 jour iQ 4.4 des \u00e9crans SMARTBoard : nouvelles fonctionnalit\u00e9s, meilleure gestion et outils de collaboration am\u00e9lior\u00e9s.\" \/>\n<meta property=\"og:url\" content=\"https:\/\/rco.be\/en\/mise-a-jour-ecrans-smartboard\/\" \/>\n<meta property=\"og:site_name\" content=\"RCO\" \/>\n<meta property=\"article:publisher\" content=\"https:\/\/www.facebook.com\/RCOSMART\/\" \/>\n<meta property=\"article:published_time\" content=\"2025-05-15T07:30:36+00:00\" \/>\n<meta property=\"og:image\" content=\"https:\/\/rco.be\/wp-content\/uploads\/2025\/05\/Logo-ecrans-SMART.webp\" \/>\n\t<meta property=\"og:image:width\" content=\"1200\" \/>\n\t<meta property=\"og:image:height\" content=\"800\" \/>\n\t<meta property=\"og:image:type\" content=\"image\/webp\" \/>\n<meta name=\"author\" content=\"Baptiste del Marmol\" \/>\n<meta name=\"twitter:card\" content=\"summary_large_image\" \/>\n<meta name=\"twitter:label1\" content=\"Written by\" \/>\n\t<meta name=\"twitter:data1\" content=\"Baptiste del Marmol\" \/>\n\t<meta name=\"twitter:label2\" content=\"Estimated reading time\" \/>\n\t<meta name=\"twitter:data2\" content=\"5 minutes\" \/>\n<script type=\"application\/ld+json\" class=\"yoast-schema-graph\">{\"@context\":\"https:\/\/schema.org\",\"@graph\":[{\"@type\":\"Article\",\"@id\":\"https:\/\/rco.be\/mise-a-jour-ecrans-smartboard\/#article\",\"isPartOf\":{\"@id\":\"https:\/\/rco.be\/mise-a-jour-ecrans-smartboard\/\"},\"author\":{\"name\":\"Baptiste del Marmol\",\"@id\":\"https:\/\/rco.be\/#\/schema\/person\/3a20da9e9a1bbdeea407ac12397cd9e6\"},\"headline\":\"Mise \u00e0 jour de l&rsquo;interface iQ des \u00e9crans SMARTBoard : iQ 4.4 enfin disponible !\",\"datePublished\":\"2025-05-15T07:30:36+00:00\",\"mainEntityOfPage\":{\"@id\":\"https:\/\/rco.be\/mise-a-jour-ecrans-smartboard\/\"},\"wordCount\":1239,\"publisher\":{\"@id\":\"https:\/\/rco.be\/#organization\"},\"image\":{\"@id\":\"https:\/\/rco.be\/mise-a-jour-ecrans-smartboard\/#primaryimage\"},\"thumbnailUrl\":\"https:\/\/rco.be\/wp-content\/uploads\/2025\/05\/Logo-ecrans-SMART.webp\",\"articleSection\":[\"Actualit\u00e9s\"],\"inLanguage\":\"en-GB\"},{\"@type\":\"WebPage\",\"@id\":\"https:\/\/rco.be\/mise-a-jour-ecrans-smartboard\/\",\"url\":\"https:\/\/rco.be\/mise-a-jour-ecrans-smartboard\/\",\"name\":\"Mise \u00e0 jour iQ 4.4 des SMARTBoard : nouveaut\u00e9s et am\u00e9liorations\",\"isPartOf\":{\"@id\":\"https:\/\/rco.be\/#website\"},\"primaryImageOfPage\":{\"@id\":\"https:\/\/rco.be\/mise-a-jour-ecrans-smartboard\/#primaryimage\"},\"image\":{\"@id\":\"https:\/\/rco.be\/mise-a-jour-ecrans-smartboard\/#primaryimage\"},\"thumbnailUrl\":\"https:\/\/rco.be\/wp-content\/uploads\/2025\/05\/Logo-ecrans-SMART.webp\",\"datePublished\":\"2025-05-15T07:30:36+00:00\",\"description\":\"D\u00e9couvrez la mise \u00e0 jour iQ 4.4 des \u00e9crans SMARTBoard : nouvelles fonctionnalit\u00e9s, meilleure gestion et outils de collaboration am\u00e9lior\u00e9s.\",\"breadcrumb\":{\"@id\":\"https:\/\/rco.be\/mise-a-jour-ecrans-smartboard\/#breadcrumb\"},\"inLanguage\":\"en-GB\",\"potentialAction\":[{\"@type\":\"ReadAction\",\"target\":[\"https:\/\/rco.be\/mise-a-jour-ecrans-smartboard\/\"]}]},{\"@type\":\"ImageObject\",\"inLanguage\":\"en-GB\",\"@id\":\"https:\/\/rco.be\/mise-a-jour-ecrans-smartboard\/#primaryimage\",\"url\":\"https:\/\/rco.be\/wp-content\/uploads\/2025\/05\/Logo-ecrans-SMART.webp\",\"contentUrl\":\"https:\/\/rco.be\/wp-content\/uploads\/2025\/05\/Logo-ecrans-SMART.webp\",\"width\":1200,\"height\":800},{\"@type\":\"BreadcrumbList\",\"@id\":\"https:\/\/rco.be\/mise-a-jour-ecrans-smartboard\/#breadcrumb\",\"itemListElement\":[{\"@type\":\"ListItem\",\"position\":1,\"name\":\"Accueil\",\"item\":\"https:\/\/rco.be\/\"},{\"@type\":\"ListItem\",\"position\":2,\"name\":\"Mise \u00e0 jour de l&rsquo;interface iQ des \u00e9crans SMARTBoard : iQ 4.4 enfin disponible !\"}]},{\"@type\":\"WebSite\",\"@id\":\"https:\/\/rco.be\/#website\",\"url\":\"https:\/\/rco.be\/\",\"name\":\"RCO\",\"description\":\"Concepteur de projets audiovisuels\",\"publisher\":{\"@id\":\"https:\/\/rco.be\/#organization\"},\"potentialAction\":[{\"@type\":\"SearchAction\",\"target\":{\"@type\":\"EntryPoint\",\"urlTemplate\":\"https:\/\/rco.be\/?s={search_term_string}\"},\"query-input\":{\"@type\":\"PropertyValueSpecification\",\"valueRequired\":true,\"valueName\":\"search_term_string\"}}],\"inLanguage\":\"en-GB\"},{\"@type\":\"Organization\",\"@id\":\"https:\/\/rco.be\/#organization\",\"name\":\"RCO\",\"url\":\"https:\/\/rco.be\/\",\"logo\":{\"@type\":\"ImageObject\",\"inLanguage\":\"en-GB\",\"@id\":\"https:\/\/rco.be\/#\/schema\/logo\/image\/\",\"url\":\"https:\/\/rco.be\/wp-content\/uploads\/2022\/06\/logo-rco-couleur-hd.png\",\"contentUrl\":\"https:\/\/rco.be\/wp-content\/uploads\/2022\/06\/logo-rco-couleur-hd.png\",\"width\":266,\"height\":100,\"caption\":\"RCO\"},\"image\":{\"@id\":\"https:\/\/rco.be\/#\/schema\/logo\/image\/\"},\"sameAs\":[\"https:\/\/www.facebook.com\/RCOSMART\/\"]},{\"@type\":\"Person\",\"@id\":\"https:\/\/rco.be\/#\/schema\/person\/3a20da9e9a1bbdeea407ac12397cd9e6\",\"name\":\"Baptiste del Marmol\",\"image\":{\"@type\":\"ImageObject\",\"inLanguage\":\"en-GB\",\"@id\":\"https:\/\/rco.be\/#\/schema\/person\/image\/\",\"url\":\"https:\/\/secure.gravatar.com\/avatar\/179586bc29cc847f15b28b424afb03b9371470e1c19022ad13c90555c99f7117?s=96&d=mm&r=g\",\"contentUrl\":\"https:\/\/secure.gravatar.com\/avatar\/179586bc29cc847f15b28b424afb03b9371470e1c19022ad13c90555c99f7117?s=96&d=mm&r=g\",\"caption\":\"Baptiste del Marmol\"},\"url\":\"https:\/\/rco.be\/en\/author\/baptiste-delmarmolakxio-be\/\"}]}<\/script>\n<!-- \/ Yoast SEO plugin. -->","yoast_head_json":{"title":"Mise \u00e0 jour iQ 4.4 des SMARTBoard : nouveaut\u00e9s et am\u00e9liorations","description":"D\u00e9couvrez la mise \u00e0 jour iQ 4.4 des \u00e9crans SMARTBoard : nouvelles fonctionnalit\u00e9s, meilleure gestion et outils de collaboration am\u00e9lior\u00e9s.","robots":{"index":"index","follow":"follow","max-snippet":"max-snippet:-1","max-image-preview":"max-image-preview:large","max-video-preview":"max-video-preview:-1"},"canonical":"https:\/\/rco.be\/en\/mise-a-jour-ecrans-smartboard\/","og_locale":"en_GB","og_type":"article","og_title":"Mise \u00e0 jour iQ 4.4 des SMARTBoard : nouveaut\u00e9s et am\u00e9liorations","og_description":"D\u00e9couvrez la mise \u00e0 jour iQ 4.4 des \u00e9crans SMARTBoard : nouvelles fonctionnalit\u00e9s, meilleure gestion et outils de collaboration am\u00e9lior\u00e9s.","og_url":"https:\/\/rco.be\/en\/mise-a-jour-ecrans-smartboard\/","og_site_name":"RCO","article_publisher":"https:\/\/www.facebook.com\/RCOSMART\/","article_published_time":"2025-05-15T07:30:36+00:00","og_image":[{"width":1200,"height":800,"url":"https:\/\/rco.be\/wp-content\/uploads\/2025\/05\/Logo-ecrans-SMART.webp","type":"image\/webp"}],"author":"Baptiste del Marmol","twitter_card":"summary_large_image","twitter_misc":{"Written by":"Baptiste del Marmol","Estimated reading time":"5 minutes"},"schema":{"@context":"https:\/\/schema.org","@graph":[{"@type":"Article","@id":"https:\/\/rco.be\/mise-a-jour-ecrans-smartboard\/#article","isPartOf":{"@id":"https:\/\/rco.be\/mise-a-jour-ecrans-smartboard\/"},"author":{"name":"Baptiste del Marmol","@id":"https:\/\/rco.be\/#\/schema\/person\/3a20da9e9a1bbdeea407ac12397cd9e6"},"headline":"Mise \u00e0 jour de l&rsquo;interface iQ des \u00e9crans SMARTBoard : iQ 4.4 enfin disponible !","datePublished":"2025-05-15T07:30:36+00:00","mainEntityOfPage":{"@id":"https:\/\/rco.be\/mise-a-jour-ecrans-smartboard\/"},"wordCount":1239,"publisher":{"@id":"https:\/\/rco.be\/#organization"},"image":{"@id":"https:\/\/rco.be\/mise-a-jour-ecrans-smartboard\/#primaryimage"},"thumbnailUrl":"https:\/\/rco.be\/wp-content\/uploads\/2025\/05\/Logo-ecrans-SMART.webp","articleSection":["Actualit\u00e9s"],"inLanguage":"en-GB"},{"@type":"WebPage","@id":"https:\/\/rco.be\/mise-a-jour-ecrans-smartboard\/","url":"https:\/\/rco.be\/mise-a-jour-ecrans-smartboard\/","name":"Mise \u00e0 jour iQ 4.4 des SMARTBoard : nouveaut\u00e9s et am\u00e9liorations","isPartOf":{"@id":"https:\/\/rco.be\/#website"},"primaryImageOfPage":{"@id":"https:\/\/rco.be\/mise-a-jour-ecrans-smartboard\/#primaryimage"},"image":{"@id":"https:\/\/rco.be\/mise-a-jour-ecrans-smartboard\/#primaryimage"},"thumbnailUrl":"https:\/\/rco.be\/wp-content\/uploads\/2025\/05\/Logo-ecrans-SMART.webp","datePublished":"2025-05-15T07:30:36+00:00","description":"D\u00e9couvrez la mise \u00e0 jour iQ 4.4 des \u00e9crans SMARTBoard : nouvelles fonctionnalit\u00e9s, meilleure gestion et outils de collaboration am\u00e9lior\u00e9s.","breadcrumb":{"@id":"https:\/\/rco.be\/mise-a-jour-ecrans-smartboard\/#breadcrumb"},"inLanguage":"en-GB","potentialAction":[{"@type":"ReadAction","target":["https:\/\/rco.be\/mise-a-jour-ecrans-smartboard\/"]}]},{"@type":"ImageObject","inLanguage":"en-GB","@id":"https:\/\/rco.be\/mise-a-jour-ecrans-smartboard\/#primaryimage","url":"https:\/\/rco.be\/wp-content\/uploads\/2025\/05\/Logo-ecrans-SMART.webp","contentUrl":"https:\/\/rco.be\/wp-content\/uploads\/2025\/05\/Logo-ecrans-SMART.webp","width":1200,"height":800},{"@type":"BreadcrumbList","@id":"https:\/\/rco.be\/mise-a-jour-ecrans-smartboard\/#breadcrumb","itemListElement":[{"@type":"ListItem","position":1,"name":"Accueil","item":"https:\/\/rco.be\/"},{"@type":"ListItem","position":2,"name":"Mise \u00e0 jour de l&rsquo;interface iQ des \u00e9crans SMARTBoard : iQ 4.4 enfin disponible !"}]},{"@type":"WebSite","@id":"https:\/\/rco.be\/#website","url":"https:\/\/rco.be\/","name":"RCO","description":"Audiovisual Project Designer","publisher":{"@id":"https:\/\/rco.be\/#organization"},"potentialAction":[{"@type":"SearchAction","target":{"@type":"EntryPoint","urlTemplate":"https:\/\/rco.be\/?s={search_term_string}"},"query-input":{"@type":"PropertyValueSpecification","valueRequired":true,"valueName":"search_term_string"}}],"inLanguage":"en-GB"},{"@type":"Organization","@id":"https:\/\/rco.be\/#organization","name":"RCO","url":"https:\/\/rco.be\/","logo":{"@type":"ImageObject","inLanguage":"en-GB","@id":"https:\/\/rco.be\/#\/schema\/logo\/image\/","url":"https:\/\/rco.be\/wp-content\/uploads\/2022\/06\/logo-rco-couleur-hd.png","contentUrl":"https:\/\/rco.be\/wp-content\/uploads\/2022\/06\/logo-rco-couleur-hd.png","width":266,"height":100,"caption":"RCO"},"image":{"@id":"https:\/\/rco.be\/#\/schema\/logo\/image\/"},"sameAs":["https:\/\/www.facebook.com\/RCOSMART\/"]},{"@type":"Person","@id":"https:\/\/rco.be\/#\/schema\/person\/3a20da9e9a1bbdeea407ac12397cd9e6","name":"Baptiste del Marmol","image":{"@type":"ImageObject","inLanguage":"en-GB","@id":"https:\/\/rco.be\/#\/schema\/person\/image\/","url":"https:\/\/secure.gravatar.com\/avatar\/179586bc29cc847f15b28b424afb03b9371470e1c19022ad13c90555c99f7117?s=96&d=mm&r=g","contentUrl":"https:\/\/secure.gravatar.com\/avatar\/179586bc29cc847f15b28b424afb03b9371470e1c19022ad13c90555c99f7117?s=96&d=mm&r=g","caption":"Baptiste del Marmol"},"url":"https:\/\/rco.be\/en\/author\/baptiste-delmarmolakxio-be\/"}]}},"_links":{"self":[{"href":"https:\/\/rco.be\/en\/wp-json\/wp\/v2\/posts\/13057","targetHints":{"allow":["GET"]}}],"collection":[{"href":"https:\/\/rco.be\/en\/wp-json\/wp\/v2\/posts"}],"about":[{"href":"https:\/\/rco.be\/en\/wp-json\/wp\/v2\/types\/post"}],"author":[{"embeddable":true,"href":"https:\/\/rco.be\/en\/wp-json\/wp\/v2\/users\/4"}],"replies":[{"embeddable":true,"href":"https:\/\/rco.be\/en\/wp-json\/wp\/v2\/comments?post=13057"}],"version-history":[{"count":4,"href":"https:\/\/rco.be\/en\/wp-json\/wp\/v2\/posts\/13057\/revisions"}],"predecessor-version":[{"id":13064,"href":"https:\/\/rco.be\/en\/wp-json\/wp\/v2\/posts\/13057\/revisions\/13064"}],"wp:featuredmedia":[{"embeddable":true,"href":"https:\/\/rco.be\/en\/wp-json\/wp\/v2\/media\/13061"}],"wp:attachment":[{"href":"https:\/\/rco.be\/en\/wp-json\/wp\/v2\/media?parent=13057"}],"wp:term":[{"taxonomy":"category","embeddable":true,"href":"https:\/\/rco.be\/en\/wp-json\/wp\/v2\/categories?post=13057"},{"taxonomy":"post_tag","embeddable":true,"href":"https:\/\/rco.be\/en\/wp-json\/wp\/v2\/tags?post=13057"}],"curies":[{"name":"wp","href":"https:\/\/api.w.org\/{rel}","templated":true}]}}