{"id":1379,"date":"2022-07-20T13:19:17","date_gmt":"2022-07-20T11:19:17","guid":{"rendered":"https:\/\/rco.be\/?p=1379"},"modified":"2022-08-10T21:31:41","modified_gmt":"2022-08-10T19:31:41","slug":"checklist-6-etapes-pour-un-lieu-de-travail-hybride","status":"publish","type":"post","link":"https:\/\/rco.be\/en\/checklist-6-etapes-pour-un-lieu-de-travail-hybride\/","title":{"rendered":"Checklist : 6 \u00e9tapes pour un lieu de travail hybride"},"content":{"rendered":"<div class=\"wpb-content-wrapper\"><div class=\"vc_row wpb_row vc_row-fluid vc_custom_1660159383573\"><div class=\"wpb_column vc_column_container vc_col-sm-12\"><div class=\"vc_column-inner\"><div class=\"wpb_wrapper\">\n\t<div class=\"wpb_text_column wpb_content_element\" >\n\t\t<div class=\"wpb_wrapper\">\n\t\t\t<p><strong>La flexibilit\u00e9 et le travail hybride d\u00e9finiront le lieu de travail de l&rsquo;avenir. Les employ\u00e9s veulent contr\u00f4ler o\u00f9, quand et comment ils travaillent, et ils attendent de leur employeur qu&rsquo;il leur propose des options. C&rsquo;est pourquoi les chefs d&rsquo;entreprise auront des d\u00e9cisions importantes \u00e0 prendre concernant le travail hybride dans les ann\u00e9es \u00e0 venir.<\/strong><\/p>\n\n\t\t<\/div>\n\t<\/div>\n\n\t<div class=\"wpb_text_column wpb_content_element\" >\n\t\t<div class=\"wpb_wrapper\">\n\t\t\t<p>Pouvons-nous r\u00e9ussir le travail hybride ? Et pouvons-nous permettre aux personnes au bureau et hors du bureau de travailler ensemble de mani\u00e8re aussi efficace et productive que possible ? Jetez un coup d&rsquo;\u0153il \u00e0 cette checklist et d\u00e9couvrez les 6 \u00e9tapes importantes pour cr\u00e9er le lieu de travail hybride parfait.<\/p>\n\n\t\t<\/div>\n\t<\/div>\n<\/div><\/div><\/div><\/div><div class=\"vc_row wpb_row vc_row-fluid vc_custom_1660159389958\"><div class=\"wpb_column vc_column_container vc_col-sm-12\"><div class=\"vc_column-inner\"><div class=\"wpb_wrapper\"><div id=\"ultimate-heading-948969f25b0b7672c\" class=\"uvc-heading ult-adjust-bottom-margin ultimate-heading-948969f25b0b7672c uvc-7101  uvc-heading-default-font-sizes\" data-hspacer=\"line_only\"  data-halign=\"left\" style=\"text-align:left\"><div class=\"uvc-main-heading ult-responsive\"  data-ultimate-target='.uvc-heading.ultimate-heading-948969f25b0b7672c h2'  data-responsive-json-new='{\"font-size\":\"\",\"line-height\":\"\"}' ><h2 style=\"--font-weight:theme;margin-bottom:15px;\">Etape 1<\/h2><\/div><div class=\"uvc-heading-spacer line_only\" style=\"margin-bottom:15px;height:2px;\"><span class=\"uvc-headings-line\" style=\"border-style:solid;border-bottom-width:2px;border-color:#233660;width:100px;\"><\/span><\/div><\/div>\n\t<div class=\"wpb_text_column wpb_content_element\" >\n\t\t<div class=\"wpb_wrapper\">\n\t\t\t<p><strong>Construire une base solide avec les politiques de l&rsquo;entreprise<\/strong><\/p>\n\n\t\t<\/div>\n\t<\/div>\n\n\t<div class=\"wpb_text_column wpb_content_element\" >\n\t\t<div class=\"wpb_wrapper\">\n\t\t\t<p>En fonction des besoins de vos employ\u00e9s, vous devez \u00e9laborer des politiques pour le t\u00e9l\u00e9travail et le travail \u00e0 domicile. Il est temps de changer d&rsquo;\u00e9tat d&rsquo;esprit.<\/p>\n\n\t\t<\/div>\n\t<\/div>\n<\/div><\/div><\/div><\/div><div class=\"vc_row wpb_row vc_row-fluid vc_custom_1660159395471\"><div class=\"wpb_column vc_column_container vc_col-sm-12\"><div class=\"vc_column-inner\"><div class=\"wpb_wrapper\"><div id=\"ultimate-heading-699169f25b0b76ca1\" class=\"uvc-heading ult-adjust-bottom-margin ultimate-heading-699169f25b0b76ca1 uvc-1986  uvc-heading-default-font-sizes\" data-hspacer=\"line_only\"  data-halign=\"left\" style=\"text-align:left\"><div class=\"uvc-main-heading ult-responsive\"  data-ultimate-target='.uvc-heading.ultimate-heading-699169f25b0b76ca1 h2'  data-responsive-json-new='{\"font-size\":\"\",\"line-height\":\"\"}' ><h2 style=\"--font-weight:theme;margin-bottom:15px;\">Etape 2<\/h2><\/div><div class=\"uvc-heading-spacer line_only\" style=\"margin-bottom:15px;height:2px;\"><span class=\"uvc-headings-line\" style=\"border-style:solid;border-bottom-width:2px;border-color:#233660;width:100px;\"><\/span><\/div><\/div>\n\t<div class=\"wpb_text_column wpb_content_element\" >\n\t\t<div class=\"wpb_wrapper\">\n\t\t\t<p><strong>Fournir les \u00e9l\u00e9ments de base d&rsquo;un bureau \u00e0 domicile pour une productivit\u00e9 accrue<\/strong><\/p>\n\n\t\t<\/div>\n\t<\/div>\n\n\t<div class=\"wpb_text_column wpb_content_element\" >\n\t\t<div class=\"wpb_wrapper\">\n\t\t\t<p>Les travailleurs \u00e0 distance ont besoin de mat\u00e9riel et de logiciels de qualit\u00e9. Pensez \u00e0 des ordinateurs portables, des \u00e9crans, un clavier et une souris ergonomiques, une webcam, une imprimante, des \u00e9couteurs et une connexion Internet d\u00e9cente.<\/p>\n\n\t\t<\/div>\n\t<\/div>\n<\/div><\/div><\/div><\/div><div class=\"vc_row wpb_row vc_row-fluid vc_custom_1660159401921\"><div class=\"wpb_column vc_column_container vc_col-sm-12\"><div class=\"vc_column-inner\"><div class=\"wpb_wrapper\"><div id=\"ultimate-heading-678469f25b0b771af\" class=\"uvc-heading ult-adjust-bottom-margin ultimate-heading-678469f25b0b771af uvc-9820  uvc-heading-default-font-sizes\" data-hspacer=\"line_only\"  data-halign=\"left\" style=\"text-align:left\"><div class=\"uvc-main-heading ult-responsive\"  data-ultimate-target='.uvc-heading.ultimate-heading-678469f25b0b771af h2'  data-responsive-json-new='{\"font-size\":\"\",\"line-height\":\"\"}' ><h2 style=\"--font-weight:theme;margin-bottom:15px;\">Etape 3<\/h2><\/div><div class=\"uvc-heading-spacer line_only\" style=\"margin-bottom:15px;height:2px;\"><span class=\"uvc-headings-line\" style=\"border-style:solid;border-bottom-width:2px;border-color:#233660;width:100px;\"><\/span><\/div><\/div>\n\t<div class=\"wpb_text_column wpb_content_element\" >\n\t\t<div class=\"wpb_wrapper\">\n\t\t\t<p><strong>Veillez \u00e0 ce que les gens puissent collaborer efficacement<\/strong><\/p>\n\n\t\t<\/div>\n\t<\/div>\n\n\t<div class=\"wpb_text_column wpb_content_element\" >\n\t\t<div class=\"wpb_wrapper\">\n\t\t\t<p>Un lieu de travail hybride efficace signifie que les salles de r\u00e9union au bureau sont \u00e9quip\u00e9es de la <a href=\"https:\/\/rco.be\/en\/rco\/solutions-entreprises\/presentation-sans-fil\/\">bonne technologie<\/a>, mais aussi que les travailleurs \u00e0 distance disposent des outils dont ils ont besoin pour collaborer efficacement.<\/p>\n\n\t\t<\/div>\n\t<\/div>\n<\/div><\/div><\/div><\/div><div class=\"vc_row wpb_row vc_row-fluid vc_custom_1660159407354\"><div class=\"wpb_column vc_column_container vc_col-sm-12\"><div class=\"vc_column-inner\"><div class=\"wpb_wrapper\"><div id=\"ultimate-heading-537569f25b0b776bc\" class=\"uvc-heading ult-adjust-bottom-margin ultimate-heading-537569f25b0b776bc uvc-6872  uvc-heading-default-font-sizes\" data-hspacer=\"line_only\"  data-halign=\"left\" style=\"text-align:left\"><div class=\"uvc-main-heading ult-responsive\"  data-ultimate-target='.uvc-heading.ultimate-heading-537569f25b0b776bc h2'  data-responsive-json-new='{\"font-size\":\"\",\"line-height\":\"\"}' ><h2 style=\"--font-weight:theme;margin-bottom:15px;\">Etape 4<\/h2><\/div><div class=\"uvc-heading-spacer line_only\" style=\"margin-bottom:15px;height:2px;\"><span class=\"uvc-headings-line\" style=\"border-style:solid;border-bottom-width:2px;border-color:#233660;width:100px;\"><\/span><\/div><\/div>\n\t<div class=\"wpb_text_column wpb_content_element\" >\n\t\t<div class=\"wpb_wrapper\">\n\t\t\t<p><strong>Offrir un acc\u00e8s aux donn\u00e9es de l&rsquo;entreprise depuis l&rsquo;endroit o\u00f9 les employ\u00e9s veulent travailler<\/strong><\/p>\n\n\t\t<\/div>\n\t<\/div>\n\n\t<div class=\"wpb_text_column wpb_content_element\" >\n\t\t<div class=\"wpb_wrapper\">\n\t\t\t<p>Les employ\u00e9s ont besoin d&rsquo;un acc\u00e8s rapide et s\u00e9curis\u00e9 aux donn\u00e9es appropri\u00e9es de l&rsquo;entreprise, quel que soit l&rsquo;endroit o\u00f9 ils veulent travailler.<\/p>\n\n\t\t<\/div>\n\t<\/div>\n<\/div><\/div><\/div><\/div><div class=\"vc_row wpb_row vc_row-fluid vc_custom_1660159413496\"><div class=\"wpb_column vc_column_container vc_col-sm-12\"><div class=\"vc_column-inner\"><div class=\"wpb_wrapper\"><div id=\"ultimate-heading-881669f25b0b77bca\" class=\"uvc-heading ult-adjust-bottom-margin ultimate-heading-881669f25b0b77bca uvc-1508  uvc-heading-default-font-sizes\" data-hspacer=\"line_only\"  data-halign=\"left\" style=\"text-align:left\"><div class=\"uvc-main-heading ult-responsive\"  data-ultimate-target='.uvc-heading.ultimate-heading-881669f25b0b77bca h2'  data-responsive-json-new='{\"font-size\":\"\",\"line-height\":\"\"}' ><h2 style=\"--font-weight:theme;margin-bottom:15px;\">Etape 5<\/h2><\/div><div class=\"uvc-heading-spacer line_only\" style=\"margin-bottom:15px;height:2px;\"><span class=\"uvc-headings-line\" style=\"border-style:solid;border-bottom-width:2px;border-color:#233660;width:100px;\"><\/span><\/div><\/div>\n\t<div class=\"wpb_text_column wpb_content_element\" >\n\t\t<div class=\"wpb_wrapper\">\n\t\t\t<p><strong>Renforcez votre s\u00e9curit\u00e9<\/strong><\/p>\n\n\t\t<\/div>\n\t<\/div>\n\n\t<div class=\"wpb_text_column wpb_content_element\" >\n\t\t<div class=\"wpb_wrapper\">\n\t\t\t<p>\u00c9laborez un mod\u00e8le de confiance z\u00e9ro pour surmonter le risque de menaces de cybers\u00e9curit\u00e9.<\/p>\n\n\t\t<\/div>\n\t<\/div>\n<\/div><\/div><\/div><\/div><div class=\"vc_row wpb_row vc_row-fluid vc_custom_1660159419915\"><div class=\"wpb_column vc_column_container vc_col-sm-12\"><div class=\"vc_column-inner\"><div class=\"wpb_wrapper\"><div id=\"ultimate-heading-894769f25b0b780ca\" class=\"uvc-heading ult-adjust-bottom-margin ultimate-heading-894769f25b0b780ca uvc-385  uvc-heading-default-font-sizes\" data-hspacer=\"line_only\"  data-halign=\"left\" style=\"text-align:left\"><div class=\"uvc-main-heading ult-responsive\"  data-ultimate-target='.uvc-heading.ultimate-heading-894769f25b0b780ca h2'  data-responsive-json-new='{\"font-size\":\"\",\"line-height\":\"\"}' ><h2 style=\"--font-weight:theme;margin-bottom:15px;\">Etape 6<\/h2><\/div><div class=\"uvc-heading-spacer line_only\" style=\"margin-bottom:15px;height:2px;\"><span class=\"uvc-headings-line\" style=\"border-style:solid;border-bottom-width:2px;border-color:#233660;width:100px;\"><\/span><\/div><\/div>\n\t<div class=\"wpb_text_column wpb_content_element\" >\n\t\t<div class=\"wpb_wrapper\">\n\t\t\t<p><strong>Optimisez votre lieu de travail sur la base de donn\u00e9es<\/strong><\/p>\n\n\t\t<\/div>\n\t<\/div>\n\n\t<div class=\"wpb_text_column wpb_content_element\" >\n\t\t<div class=\"wpb_wrapper\">\n\t\t\t<p>Veillez \u00e0 ce que vos installations soient utilis\u00e9es aussi efficacement que possible dans le cadre de la combinaison complexe de travailleurs sur place et \u00e0 distance.<\/p>\n\n\t\t<\/div>\n\t<\/div>\n<\/div><\/div><\/div><\/div><div class=\"vc_row wpb_row vc_row-fluid\"><div class=\"wpb_column vc_column_container vc_col-sm-12\"><div class=\"vc_column-inner\"><div class=\"wpb_wrapper\">\n\t<div class=\"wpb_text_column wpb_content_element\" >\n\t\t<div class=\"wpb_wrapper\">\n\t\t\t<p>Source : Barco ClickShare<\/p>\n\n\t\t<\/div>\n\t<\/div>\n<\/div><\/div><\/div><\/div>\n<\/div>","protected":false},"excerpt":{"rendered":"<p>La flexibilit\u00e9 et le travail hybride d\u00e9finiront le lieu de travail de l&rsquo;avenir. Les employ\u00e9s veulent contr\u00f4ler o\u00f9, quand et comment ils travaillent, et ils attendent de leur employeur qu&rsquo;il leur propose des options. C&rsquo;est pourquoi les chefs d&rsquo;entreprise auront des d\u00e9cisions importantes \u00e0 prendre concernant le travail hybride dans les ann\u00e9es \u00e0 venir. Pouvons-nous&hellip;<\/p>","protected":false},"author":1,"featured_media":1381,"comment_status":"closed","ping_status":"closed","sticky":false,"template":"","format":"standard","meta":{"footnotes":""},"categories":[7],"tags":[],"class_list":["post-1379","post","type-post","status-publish","format-standard","has-post-thumbnail","hentry","category-actualites","category-7","description-off"],"yoast_head":"<!-- This site is optimized with the Yoast SEO plugin v27.1.1 - https:\/\/yoast.com\/product\/yoast-seo-wordpress\/ -->\n<title>Checklist : 6 \u00e9tapes pour un lieu de travail hybride - RCO<\/title>\n<meta name=\"robots\" content=\"index, follow, max-snippet:-1, max-image-preview:large, max-video-preview:-1\" \/>\n<link rel=\"canonical\" href=\"https:\/\/rco.be\/en\/checklist-6-etapes-pour-un-lieu-de-travail-hybride\/\" \/>\n<meta property=\"og:locale\" content=\"en_GB\" \/>\n<meta property=\"og:type\" content=\"article\" \/>\n<meta property=\"og:title\" content=\"Checklist : 6 \u00e9tapes pour un lieu de travail hybride - RCO\" \/>\n<meta property=\"og:url\" content=\"https:\/\/rco.be\/en\/checklist-6-etapes-pour-un-lieu-de-travail-hybride\/\" \/>\n<meta property=\"og:site_name\" content=\"RCO\" \/>\n<meta property=\"article:publisher\" content=\"https:\/\/www.facebook.com\/RCOSMART\/\" \/>\n<meta property=\"article:published_time\" content=\"2022-07-20T11:19:17+00:00\" \/>\n<meta property=\"article:modified_time\" content=\"2022-08-10T19:31:41+00:00\" \/>\n<meta property=\"og:image\" content=\"https:\/\/rco.be\/wp-content\/uploads\/2022\/07\/Checklist-6-e\u0301tapes-pour-un-lieu-de-travail-hybride.webp\" \/>\n\t<meta property=\"og:image:width\" content=\"1000\" \/>\n\t<meta property=\"og:image:height\" content=\"400\" \/>\n\t<meta property=\"og:image:type\" content=\"image\/webp\" \/>\n<meta name=\"author\" content=\"Augustin van Essche\" \/>\n<meta name=\"twitter:card\" content=\"summary_large_image\" \/>\n<meta name=\"twitter:label1\" content=\"Written by\" \/>\n\t<meta name=\"twitter:data1\" content=\"Augustin van Essche\" \/>\n\t<meta name=\"twitter:label2\" content=\"Estimated reading time\" \/>\n\t<meta name=\"twitter:data2\" content=\"3 minutes\" \/>\n<script type=\"application\/ld+json\" class=\"yoast-schema-graph\">{\"@context\":\"https:\/\/schema.org\",\"@graph\":[{\"@type\":\"Article\",\"@id\":\"https:\/\/rco.be\/checklist-6-etapes-pour-un-lieu-de-travail-hybride\/#article\",\"isPartOf\":{\"@id\":\"https:\/\/rco.be\/checklist-6-etapes-pour-un-lieu-de-travail-hybride\/\"},\"author\":{\"name\":\"Augustin van Essche\",\"@id\":\"https:\/\/rco.be\/#\/schema\/person\/c4c01eac32d25f2361e335eb2d7492d4\"},\"headline\":\"Checklist : 6 \u00e9tapes pour un lieu de travail hybride\",\"datePublished\":\"2022-07-20T11:19:17+00:00\",\"dateModified\":\"2022-08-10T19:31:41+00:00\",\"mainEntityOfPage\":{\"@id\":\"https:\/\/rco.be\/checklist-6-etapes-pour-un-lieu-de-travail-hybride\/\"},\"wordCount\":743,\"publisher\":{\"@id\":\"https:\/\/rco.be\/#organization\"},\"image\":{\"@id\":\"https:\/\/rco.be\/checklist-6-etapes-pour-un-lieu-de-travail-hybride\/#primaryimage\"},\"thumbnailUrl\":\"https:\/\/rco.be\/wp-content\/uploads\/2022\/07\/Checklist-6-e\u0301tapes-pour-un-lieu-de-travail-hybride.webp\",\"articleSection\":[\"Actualit\u00e9s\"],\"inLanguage\":\"en-GB\"},{\"@type\":\"WebPage\",\"@id\":\"https:\/\/rco.be\/checklist-6-etapes-pour-un-lieu-de-travail-hybride\/\",\"url\":\"https:\/\/rco.be\/checklist-6-etapes-pour-un-lieu-de-travail-hybride\/\",\"name\":\"Checklist : 6 \u00e9tapes pour un lieu de travail hybride - RCO\",\"isPartOf\":{\"@id\":\"https:\/\/rco.be\/#website\"},\"primaryImageOfPage\":{\"@id\":\"https:\/\/rco.be\/checklist-6-etapes-pour-un-lieu-de-travail-hybride\/#primaryimage\"},\"image\":{\"@id\":\"https:\/\/rco.be\/checklist-6-etapes-pour-un-lieu-de-travail-hybride\/#primaryimage\"},\"thumbnailUrl\":\"https:\/\/rco.be\/wp-content\/uploads\/2022\/07\/Checklist-6-e\u0301tapes-pour-un-lieu-de-travail-hybride.webp\",\"datePublished\":\"2022-07-20T11:19:17+00:00\",\"dateModified\":\"2022-08-10T19:31:41+00:00\",\"breadcrumb\":{\"@id\":\"https:\/\/rco.be\/checklist-6-etapes-pour-un-lieu-de-travail-hybride\/#breadcrumb\"},\"inLanguage\":\"en-GB\",\"potentialAction\":[{\"@type\":\"ReadAction\",\"target\":[\"https:\/\/rco.be\/checklist-6-etapes-pour-un-lieu-de-travail-hybride\/\"]}]},{\"@type\":\"ImageObject\",\"inLanguage\":\"en-GB\",\"@id\":\"https:\/\/rco.be\/checklist-6-etapes-pour-un-lieu-de-travail-hybride\/#primaryimage\",\"url\":\"https:\/\/rco.be\/wp-content\/uploads\/2022\/07\/Checklist-6-e\u0301tapes-pour-un-lieu-de-travail-hybride.webp\",\"contentUrl\":\"https:\/\/rco.be\/wp-content\/uploads\/2022\/07\/Checklist-6-e\u0301tapes-pour-un-lieu-de-travail-hybride.webp\",\"width\":1000,\"height\":400,\"caption\":\"Deux personnes en visioconf\u00e9rence avec Barco ClickShare.\"},{\"@type\":\"BreadcrumbList\",\"@id\":\"https:\/\/rco.be\/checklist-6-etapes-pour-un-lieu-de-travail-hybride\/#breadcrumb\",\"itemListElement\":[{\"@type\":\"ListItem\",\"position\":1,\"name\":\"Accueil\",\"item\":\"https:\/\/rco.be\/\"},{\"@type\":\"ListItem\",\"position\":2,\"name\":\"Checklist : 6 \u00e9tapes pour un lieu de travail hybride\"}]},{\"@type\":\"WebSite\",\"@id\":\"https:\/\/rco.be\/#website\",\"url\":\"https:\/\/rco.be\/\",\"name\":\"RCO\",\"description\":\"Concepteur de projets audiovisuels\",\"publisher\":{\"@id\":\"https:\/\/rco.be\/#organization\"},\"potentialAction\":[{\"@type\":\"SearchAction\",\"target\":{\"@type\":\"EntryPoint\",\"urlTemplate\":\"https:\/\/rco.be\/?s={search_term_string}\"},\"query-input\":{\"@type\":\"PropertyValueSpecification\",\"valueRequired\":true,\"valueName\":\"search_term_string\"}}],\"inLanguage\":\"en-GB\"},{\"@type\":\"Organization\",\"@id\":\"https:\/\/rco.be\/#organization\",\"name\":\"RCO\",\"url\":\"https:\/\/rco.be\/\",\"logo\":{\"@type\":\"ImageObject\",\"inLanguage\":\"en-GB\",\"@id\":\"https:\/\/rco.be\/#\/schema\/logo\/image\/\",\"url\":\"https:\/\/rco.be\/wp-content\/uploads\/2022\/06\/logo-rco-couleur-hd.png\",\"contentUrl\":\"https:\/\/rco.be\/wp-content\/uploads\/2022\/06\/logo-rco-couleur-hd.png\",\"width\":266,\"height\":100,\"caption\":\"RCO\"},\"image\":{\"@id\":\"https:\/\/rco.be\/#\/schema\/logo\/image\/\"},\"sameAs\":[\"https:\/\/www.facebook.com\/RCOSMART\/\"]},{\"@type\":\"Person\",\"@id\":\"https:\/\/rco.be\/#\/schema\/person\/c4c01eac32d25f2361e335eb2d7492d4\",\"name\":\"Augustin van Essche\",\"image\":{\"@type\":\"ImageObject\",\"inLanguage\":\"en-GB\",\"@id\":\"https:\/\/rco.be\/#\/schema\/person\/image\/\",\"url\":\"https:\/\/secure.gravatar.com\/avatar\/d9e7725d6f6980e57b63a1d003b91862916fd7ee5abb51cd51cdc8ca8675cad0?s=96&d=mm&r=g\",\"contentUrl\":\"https:\/\/secure.gravatar.com\/avatar\/d9e7725d6f6980e57b63a1d003b91862916fd7ee5abb51cd51cdc8ca8675cad0?s=96&d=mm&r=g\",\"caption\":\"Augustin van Essche\"},\"sameAs\":[\"https:\/\/rco.be\"],\"url\":\"https:\/\/rco.be\/en\/author\/avanessche\/\"}]}<\/script>\n<!-- \/ Yoast SEO plugin. -->","yoast_head_json":{"title":"Checklist : 6 \u00e9tapes pour un lieu de travail hybride - RCO","robots":{"index":"index","follow":"follow","max-snippet":"max-snippet:-1","max-image-preview":"max-image-preview:large","max-video-preview":"max-video-preview:-1"},"canonical":"https:\/\/rco.be\/en\/checklist-6-etapes-pour-un-lieu-de-travail-hybride\/","og_locale":"en_GB","og_type":"article","og_title":"Checklist : 6 \u00e9tapes pour un lieu de travail hybride - RCO","og_url":"https:\/\/rco.be\/en\/checklist-6-etapes-pour-un-lieu-de-travail-hybride\/","og_site_name":"RCO","article_publisher":"https:\/\/www.facebook.com\/RCOSMART\/","article_published_time":"2022-07-20T11:19:17+00:00","article_modified_time":"2022-08-10T19:31:41+00:00","og_image":[{"width":1000,"height":400,"url":"https:\/\/rco.be\/wp-content\/uploads\/2022\/07\/Checklist-6-e\u0301tapes-pour-un-lieu-de-travail-hybride.webp","type":"image\/webp"}],"author":"Augustin van Essche","twitter_card":"summary_large_image","twitter_misc":{"Written by":"Augustin van Essche","Estimated reading time":"3 minutes"},"schema":{"@context":"https:\/\/schema.org","@graph":[{"@type":"Article","@id":"https:\/\/rco.be\/checklist-6-etapes-pour-un-lieu-de-travail-hybride\/#article","isPartOf":{"@id":"https:\/\/rco.be\/checklist-6-etapes-pour-un-lieu-de-travail-hybride\/"},"author":{"name":"Augustin van Essche","@id":"https:\/\/rco.be\/#\/schema\/person\/c4c01eac32d25f2361e335eb2d7492d4"},"headline":"Checklist : 6 \u00e9tapes pour un lieu de travail hybride","datePublished":"2022-07-20T11:19:17+00:00","dateModified":"2022-08-10T19:31:41+00:00","mainEntityOfPage":{"@id":"https:\/\/rco.be\/checklist-6-etapes-pour-un-lieu-de-travail-hybride\/"},"wordCount":743,"publisher":{"@id":"https:\/\/rco.be\/#organization"},"image":{"@id":"https:\/\/rco.be\/checklist-6-etapes-pour-un-lieu-de-travail-hybride\/#primaryimage"},"thumbnailUrl":"https:\/\/rco.be\/wp-content\/uploads\/2022\/07\/Checklist-6-e\u0301tapes-pour-un-lieu-de-travail-hybride.webp","articleSection":["Actualit\u00e9s"],"inLanguage":"en-GB"},{"@type":"WebPage","@id":"https:\/\/rco.be\/checklist-6-etapes-pour-un-lieu-de-travail-hybride\/","url":"https:\/\/rco.be\/checklist-6-etapes-pour-un-lieu-de-travail-hybride\/","name":"Checklist : 6 \u00e9tapes pour un lieu de travail hybride - RCO","isPartOf":{"@id":"https:\/\/rco.be\/#website"},"primaryImageOfPage":{"@id":"https:\/\/rco.be\/checklist-6-etapes-pour-un-lieu-de-travail-hybride\/#primaryimage"},"image":{"@id":"https:\/\/rco.be\/checklist-6-etapes-pour-un-lieu-de-travail-hybride\/#primaryimage"},"thumbnailUrl":"https:\/\/rco.be\/wp-content\/uploads\/2022\/07\/Checklist-6-e\u0301tapes-pour-un-lieu-de-travail-hybride.webp","datePublished":"2022-07-20T11:19:17+00:00","dateModified":"2022-08-10T19:31:41+00:00","breadcrumb":{"@id":"https:\/\/rco.be\/checklist-6-etapes-pour-un-lieu-de-travail-hybride\/#breadcrumb"},"inLanguage":"en-GB","potentialAction":[{"@type":"ReadAction","target":["https:\/\/rco.be\/checklist-6-etapes-pour-un-lieu-de-travail-hybride\/"]}]},{"@type":"ImageObject","inLanguage":"en-GB","@id":"https:\/\/rco.be\/checklist-6-etapes-pour-un-lieu-de-travail-hybride\/#primaryimage","url":"https:\/\/rco.be\/wp-content\/uploads\/2022\/07\/Checklist-6-e\u0301tapes-pour-un-lieu-de-travail-hybride.webp","contentUrl":"https:\/\/rco.be\/wp-content\/uploads\/2022\/07\/Checklist-6-e\u0301tapes-pour-un-lieu-de-travail-hybride.webp","width":1000,"height":400,"caption":"Deux personnes en visioconf\u00e9rence avec Barco ClickShare."},{"@type":"BreadcrumbList","@id":"https:\/\/rco.be\/checklist-6-etapes-pour-un-lieu-de-travail-hybride\/#breadcrumb","itemListElement":[{"@type":"ListItem","position":1,"name":"Accueil","item":"https:\/\/rco.be\/"},{"@type":"ListItem","position":2,"name":"Checklist : 6 \u00e9tapes pour un lieu de travail hybride"}]},{"@type":"WebSite","@id":"https:\/\/rco.be\/#website","url":"https:\/\/rco.be\/","name":"RCO","description":"Audiovisual Project Designer","publisher":{"@id":"https:\/\/rco.be\/#organization"},"potentialAction":[{"@type":"SearchAction","target":{"@type":"EntryPoint","urlTemplate":"https:\/\/rco.be\/?s={search_term_string}"},"query-input":{"@type":"PropertyValueSpecification","valueRequired":true,"valueName":"search_term_string"}}],"inLanguage":"en-GB"},{"@type":"Organization","@id":"https:\/\/rco.be\/#organization","name":"RCO","url":"https:\/\/rco.be\/","logo":{"@type":"ImageObject","inLanguage":"en-GB","@id":"https:\/\/rco.be\/#\/schema\/logo\/image\/","url":"https:\/\/rco.be\/wp-content\/uploads\/2022\/06\/logo-rco-couleur-hd.png","contentUrl":"https:\/\/rco.be\/wp-content\/uploads\/2022\/06\/logo-rco-couleur-hd.png","width":266,"height":100,"caption":"RCO"},"image":{"@id":"https:\/\/rco.be\/#\/schema\/logo\/image\/"},"sameAs":["https:\/\/www.facebook.com\/RCOSMART\/"]},{"@type":"Person","@id":"https:\/\/rco.be\/#\/schema\/person\/c4c01eac32d25f2361e335eb2d7492d4","name":"Augustin van Essche","image":{"@type":"ImageObject","inLanguage":"en-GB","@id":"https:\/\/rco.be\/#\/schema\/person\/image\/","url":"https:\/\/secure.gravatar.com\/avatar\/d9e7725d6f6980e57b63a1d003b91862916fd7ee5abb51cd51cdc8ca8675cad0?s=96&d=mm&r=g","contentUrl":"https:\/\/secure.gravatar.com\/avatar\/d9e7725d6f6980e57b63a1d003b91862916fd7ee5abb51cd51cdc8ca8675cad0?s=96&d=mm&r=g","caption":"Augustin van Essche"},"sameAs":["https:\/\/rco.be"],"url":"https:\/\/rco.be\/en\/author\/avanessche\/"}]}},"_links":{"self":[{"href":"https:\/\/rco.be\/en\/wp-json\/wp\/v2\/posts\/1379","targetHints":{"allow":["GET"]}}],"collection":[{"href":"https:\/\/rco.be\/en\/wp-json\/wp\/v2\/posts"}],"about":[{"href":"https:\/\/rco.be\/en\/wp-json\/wp\/v2\/types\/post"}],"author":[{"embeddable":true,"href":"https:\/\/rco.be\/en\/wp-json\/wp\/v2\/users\/1"}],"replies":[{"embeddable":true,"href":"https:\/\/rco.be\/en\/wp-json\/wp\/v2\/comments?post=1379"}],"version-history":[{"count":6,"href":"https:\/\/rco.be\/en\/wp-json\/wp\/v2\/posts\/1379\/revisions"}],"predecessor-version":[{"id":2033,"href":"https:\/\/rco.be\/en\/wp-json\/wp\/v2\/posts\/1379\/revisions\/2033"}],"wp:featuredmedia":[{"embeddable":true,"href":"https:\/\/rco.be\/en\/wp-json\/wp\/v2\/media\/1381"}],"wp:attachment":[{"href":"https:\/\/rco.be\/en\/wp-json\/wp\/v2\/media?parent=1379"}],"wp:term":[{"taxonomy":"category","embeddable":true,"href":"https:\/\/rco.be\/en\/wp-json\/wp\/v2\/categories?post=1379"},{"taxonomy":"post_tag","embeddable":true,"href":"https:\/\/rco.be\/en\/wp-json\/wp\/v2\/tags?post=1379"}],"curies":[{"name":"wp","href":"https:\/\/api.w.org\/{rel}","templated":true}]}}