{"id":13881,"date":"2025-12-05T16:22:53","date_gmt":"2025-12-05T15:22:53","guid":{"rendered":"https:\/\/rco.be\/?p=13881"},"modified":"2025-12-05T16:40:21","modified_gmt":"2025-12-05T15:40:21","slug":"accord-cadre-province-du-luxembourg","status":"publish","type":"post","link":"https:\/\/rco.be\/en\/accord-cadre-province-du-luxembourg\/","title":{"rendered":"Accord-cadre Province du Luxembourg : acquisition d\u2019\u00e9crans interactifs et d\u2019affichage professionnel"},"content":{"rendered":"<div class=\"wpb-content-wrapper\"><div class=\"vc_row wpb_row vc_row-fluid\"><div class=\"wpb_column vc_column_container vc_col-sm-12\"><div class=\"vc_column-inner\"><div class=\"wpb_wrapper\"><div id=\"ultimate-heading-355869f3148374d56\" class=\"uvc-heading ult-adjust-bottom-margin ultimate-heading-355869f3148374d56 uvc-6397  uvc-heading-default-font-sizes\" data-hspacer=\"line_only\"  data-halign=\"left\" style=\"text-align:left\"><div class=\"uvc-heading-spacer line_only\" style=\"margin-bottom:15px;height:2px;\"><span class=\"uvc-headings-line\" style=\"border-style:solid;border-bottom-width:2px;border-color:#233660;width:200px;\"><\/span><\/div><\/div>\n\t<div class=\"wpb_text_column wpb_content_element  vc_custom_1764949213829\" >\n\t\t<div class=\"wpb_wrapper\">\n\t\t\t<p>Nous sommes fiers d\u2019annoncer que la <strong>Province du Luxembourg<\/strong> nous a attribu\u00e9 un <strong>accord-cadre avec centrale d\u2019achat<\/strong> pour l\u2019<strong>acquisition d\u2019\u00e9crans interactifs, d\u2019\u00e9crans d\u2019affichage professionnels, et d&rsquo;\u00e9quipements de projection.<\/strong><\/p>\n<div>\n<p>Cet accord marque une \u00e9tape importante dans notre mission : <strong>fournir des solutions technologiques innovantes<\/strong> pour soutenir la digitalisation et la modernisation des espaces \u00e9ducatifs et administratifs.<\/p>\n<p>Nous remercions la Province du Luxembourg pour sa confiance et nous nous engageons \u00e0 offrir des produits et services de qualit\u00e9, adapt\u00e9s aux besoins des collectivit\u00e9s et institutions publiques.<\/p>\n<div>Nous remercions \u00e9galement nos principaux partenaires technologiques sur ce march\u00e9, \u00e0 savoir <strong><a href=\"https:\/\/www.viewsonic.com\/be-fr\/\">ViewSonic<\/a> et <a href=\"https:\/\/www.epson.be\/fr_BE\/produits\/projector\/c\/projector\">Epson<\/a><\/strong>, pour leur soutien et leur engagement \u00e0 offrir des produits de qualit\u00e9 qui r\u00e9pondent aux besoins des collectivit\u00e9s.<\/div>\n<p><strong>#Innovation #Digitalisation #ProvinceDuLuxembourg #AccordCadre #Technologie<\/strong><\/p>\n<\/div>\n\n\t\t<\/div>\n\t<\/div>\n<\/div><\/div><\/div><\/div>\n<\/div>","protected":false},"excerpt":{"rendered":"<p>Nous sommes fiers d\u2019annoncer que la Province du Luxembourg nous a attribu\u00e9 un accord-cadre avec centrale d\u2019achat pour l\u2019acquisition d\u2019\u00e9crans interactifs, d\u2019\u00e9crans d\u2019affichage professionnels, et d&rsquo;\u00e9quipements de projection. Cet accord marque une \u00e9tape importante dans notre mission : fournir des solutions technologiques innovantes pour soutenir la digitalisation et la modernisation des espaces \u00e9ducatifs et administratifs.&hellip;<\/p>","protected":false},"author":2,"featured_media":13886,"comment_status":"closed","ping_status":"closed","sticky":false,"template":"","format":"standard","meta":{"footnotes":""},"categories":[7],"tags":[],"class_list":["post-13881","post","type-post","status-publish","format-standard","has-post-thumbnail","hentry","category-actualites","category-7","description-off"],"yoast_head":"<!-- This site is optimized with the Yoast SEO plugin v27.1.1 - https:\/\/yoast.com\/product\/yoast-seo-wordpress\/ -->\n<title>Accord-cadre Province du Luxembourg : acquisition d\u2019\u00e9crans interactifs et d\u2019affichage professionnel - RCO<\/title>\n<meta name=\"description\" content=\"D\u00e9couvrez comment RCO a remport\u00e9 un accord-cadre avec la Province du Luxembourg pour l\u2019acquisition d\u2019\u00e9crans interactifs et d\u2019affichage professionnel, afin de moderniser les espaces \u00e9ducatifs et administratifs.\" \/>\n<meta name=\"robots\" content=\"index, follow, max-snippet:-1, max-image-preview:large, max-video-preview:-1\" \/>\n<link rel=\"canonical\" href=\"https:\/\/rco.be\/en\/accord-cadre-province-du-luxembourg\/\" \/>\n<meta property=\"og:locale\" content=\"en_GB\" \/>\n<meta property=\"og:type\" content=\"article\" \/>\n<meta property=\"og:title\" content=\"Accord-cadre Province du Luxembourg : acquisition d\u2019\u00e9crans interactifs et d\u2019affichage professionnel - RCO\" \/>\n<meta property=\"og:description\" content=\"D\u00e9couvrez comment RCO a remport\u00e9 un accord-cadre avec la Province du Luxembourg pour l\u2019acquisition d\u2019\u00e9crans interactifs et d\u2019affichage professionnel, afin de moderniser les espaces \u00e9ducatifs et administratifs.\" \/>\n<meta property=\"og:url\" content=\"https:\/\/rco.be\/en\/accord-cadre-province-du-luxembourg\/\" \/>\n<meta property=\"og:site_name\" content=\"RCO\" \/>\n<meta property=\"article:publisher\" content=\"https:\/\/www.facebook.com\/RCOSMART\/\" \/>\n<meta property=\"article:published_time\" content=\"2025-12-05T15:22:53+00:00\" \/>\n<meta property=\"article:modified_time\" content=\"2025-12-05T15:40:21+00:00\" \/>\n<meta property=\"og:image\" content=\"https:\/\/rco.be\/wp-content\/uploads\/2025\/12\/banner-province-luxembourg.jpg\" \/>\n\t<meta property=\"og:image:width\" content=\"800\" \/>\n\t<meta property=\"og:image:height\" content=\"600\" \/>\n\t<meta property=\"og:image:type\" content=\"image\/jpeg\" \/>\n<meta name=\"author\" content=\"Vincent Gerlache\" \/>\n<meta name=\"twitter:card\" content=\"summary_large_image\" \/>\n<meta name=\"twitter:label1\" content=\"Written by\" \/>\n\t<meta name=\"twitter:data1\" content=\"Vincent Gerlache\" \/>\n\t<meta name=\"twitter:label2\" content=\"Estimated reading time\" \/>\n\t<meta name=\"twitter:data2\" content=\"1 minute\" \/>\n<script type=\"application\/ld+json\" class=\"yoast-schema-graph\">{\"@context\":\"https:\/\/schema.org\",\"@graph\":[{\"@type\":\"Article\",\"@id\":\"https:\/\/rco.be\/accord-cadre-province-du-luxembourg\/#article\",\"isPartOf\":{\"@id\":\"https:\/\/rco.be\/accord-cadre-province-du-luxembourg\/\"},\"author\":{\"name\":\"Vincent Gerlache\",\"@id\":\"https:\/\/rco.be\/#\/schema\/person\/a666fdb120b989d49be48140a45449d3\"},\"headline\":\"Accord-cadre Province du Luxembourg : acquisition d\u2019\u00e9crans interactifs et d\u2019affichage professionnel\",\"datePublished\":\"2025-12-05T15:22:53+00:00\",\"dateModified\":\"2025-12-05T15:40:21+00:00\",\"mainEntityOfPage\":{\"@id\":\"https:\/\/rco.be\/accord-cadre-province-du-luxembourg\/\"},\"wordCount\":188,\"publisher\":{\"@id\":\"https:\/\/rco.be\/#organization\"},\"image\":{\"@id\":\"https:\/\/rco.be\/accord-cadre-province-du-luxembourg\/#primaryimage\"},\"thumbnailUrl\":\"https:\/\/rco.be\/wp-content\/uploads\/2025\/12\/banner-province-luxembourg.jpg\",\"articleSection\":[\"Actualit\u00e9s\"],\"inLanguage\":\"en-GB\"},{\"@type\":\"WebPage\",\"@id\":\"https:\/\/rco.be\/accord-cadre-province-du-luxembourg\/\",\"url\":\"https:\/\/rco.be\/accord-cadre-province-du-luxembourg\/\",\"name\":\"Accord-cadre Province du Luxembourg : acquisition d\u2019\u00e9crans interactifs et d\u2019affichage professionnel - RCO\",\"isPartOf\":{\"@id\":\"https:\/\/rco.be\/#website\"},\"primaryImageOfPage\":{\"@id\":\"https:\/\/rco.be\/accord-cadre-province-du-luxembourg\/#primaryimage\"},\"image\":{\"@id\":\"https:\/\/rco.be\/accord-cadre-province-du-luxembourg\/#primaryimage\"},\"thumbnailUrl\":\"https:\/\/rco.be\/wp-content\/uploads\/2025\/12\/banner-province-luxembourg.jpg\",\"datePublished\":\"2025-12-05T15:22:53+00:00\",\"dateModified\":\"2025-12-05T15:40:21+00:00\",\"description\":\"D\u00e9couvrez comment RCO a remport\u00e9 un accord-cadre avec la Province du Luxembourg pour l\u2019acquisition d\u2019\u00e9crans interactifs et d\u2019affichage professionnel, afin de moderniser les espaces \u00e9ducatifs et administratifs.\",\"breadcrumb\":{\"@id\":\"https:\/\/rco.be\/accord-cadre-province-du-luxembourg\/#breadcrumb\"},\"inLanguage\":\"en-GB\",\"potentialAction\":[{\"@type\":\"ReadAction\",\"target\":[\"https:\/\/rco.be\/accord-cadre-province-du-luxembourg\/\"]}]},{\"@type\":\"ImageObject\",\"inLanguage\":\"en-GB\",\"@id\":\"https:\/\/rco.be\/accord-cadre-province-du-luxembourg\/#primaryimage\",\"url\":\"https:\/\/rco.be\/wp-content\/uploads\/2025\/12\/banner-province-luxembourg.jpg\",\"contentUrl\":\"https:\/\/rco.be\/wp-content\/uploads\/2025\/12\/banner-province-luxembourg.jpg\",\"width\":800,\"height\":600},{\"@type\":\"BreadcrumbList\",\"@id\":\"https:\/\/rco.be\/accord-cadre-province-du-luxembourg\/#breadcrumb\",\"itemListElement\":[{\"@type\":\"ListItem\",\"position\":1,\"name\":\"Accueil\",\"item\":\"https:\/\/rco.be\/\"},{\"@type\":\"ListItem\",\"position\":2,\"name\":\"Accord-cadre Province du Luxembourg : acquisition d\u2019\u00e9crans interactifs et d\u2019affichage professionnel\"}]},{\"@type\":\"WebSite\",\"@id\":\"https:\/\/rco.be\/#website\",\"url\":\"https:\/\/rco.be\/\",\"name\":\"RCO\",\"description\":\"Concepteur de projets audiovisuels\",\"publisher\":{\"@id\":\"https:\/\/rco.be\/#organization\"},\"potentialAction\":[{\"@type\":\"SearchAction\",\"target\":{\"@type\":\"EntryPoint\",\"urlTemplate\":\"https:\/\/rco.be\/?s={search_term_string}\"},\"query-input\":{\"@type\":\"PropertyValueSpecification\",\"valueRequired\":true,\"valueName\":\"search_term_string\"}}],\"inLanguage\":\"en-GB\"},{\"@type\":\"Organization\",\"@id\":\"https:\/\/rco.be\/#organization\",\"name\":\"RCO\",\"url\":\"https:\/\/rco.be\/\",\"logo\":{\"@type\":\"ImageObject\",\"inLanguage\":\"en-GB\",\"@id\":\"https:\/\/rco.be\/#\/schema\/logo\/image\/\",\"url\":\"https:\/\/rco.be\/wp-content\/uploads\/2022\/06\/logo-rco-couleur-hd.png\",\"contentUrl\":\"https:\/\/rco.be\/wp-content\/uploads\/2022\/06\/logo-rco-couleur-hd.png\",\"width\":266,\"height\":100,\"caption\":\"RCO\"},\"image\":{\"@id\":\"https:\/\/rco.be\/#\/schema\/logo\/image\/\"},\"sameAs\":[\"https:\/\/www.facebook.com\/RCOSMART\/\"]},{\"@type\":\"Person\",\"@id\":\"https:\/\/rco.be\/#\/schema\/person\/a666fdb120b989d49be48140a45449d3\",\"name\":\"Vincent Gerlache\",\"image\":{\"@type\":\"ImageObject\",\"inLanguage\":\"en-GB\",\"@id\":\"https:\/\/rco.be\/#\/schema\/person\/image\/\",\"url\":\"https:\/\/secure.gravatar.com\/avatar\/600ef80fbbd936c10ad05f2fef1df8c12b8b10d0027b565e1c9c19270472cd74?s=96&d=mm&r=g\",\"contentUrl\":\"https:\/\/secure.gravatar.com\/avatar\/600ef80fbbd936c10ad05f2fef1df8c12b8b10d0027b565e1c9c19270472cd74?s=96&d=mm&r=g\",\"caption\":\"Vincent Gerlache\"},\"url\":\"https:\/\/rco.be\/en\/author\/vgerlache\/\"}]}<\/script>\n<!-- \/ Yoast SEO plugin. -->","yoast_head_json":{"title":"Accord-cadre Province du Luxembourg : acquisition d\u2019\u00e9crans interactifs et d\u2019affichage professionnel - RCO","description":"D\u00e9couvrez comment RCO a remport\u00e9 un accord-cadre avec la Province du Luxembourg pour l\u2019acquisition d\u2019\u00e9crans interactifs et d\u2019affichage professionnel, afin de moderniser les espaces \u00e9ducatifs et administratifs.","robots":{"index":"index","follow":"follow","max-snippet":"max-snippet:-1","max-image-preview":"max-image-preview:large","max-video-preview":"max-video-preview:-1"},"canonical":"https:\/\/rco.be\/en\/accord-cadre-province-du-luxembourg\/","og_locale":"en_GB","og_type":"article","og_title":"Accord-cadre Province du Luxembourg : acquisition d\u2019\u00e9crans interactifs et d\u2019affichage professionnel - RCO","og_description":"D\u00e9couvrez comment RCO a remport\u00e9 un accord-cadre avec la Province du Luxembourg pour l\u2019acquisition d\u2019\u00e9crans interactifs et d\u2019affichage professionnel, afin de moderniser les espaces \u00e9ducatifs et administratifs.","og_url":"https:\/\/rco.be\/en\/accord-cadre-province-du-luxembourg\/","og_site_name":"RCO","article_publisher":"https:\/\/www.facebook.com\/RCOSMART\/","article_published_time":"2025-12-05T15:22:53+00:00","article_modified_time":"2025-12-05T15:40:21+00:00","og_image":[{"width":800,"height":600,"url":"https:\/\/rco.be\/wp-content\/uploads\/2025\/12\/banner-province-luxembourg.jpg","type":"image\/jpeg"}],"author":"Vincent Gerlache","twitter_card":"summary_large_image","twitter_misc":{"Written by":"Vincent Gerlache","Estimated reading time":"1 minute"},"schema":{"@context":"https:\/\/schema.org","@graph":[{"@type":"Article","@id":"https:\/\/rco.be\/accord-cadre-province-du-luxembourg\/#article","isPartOf":{"@id":"https:\/\/rco.be\/accord-cadre-province-du-luxembourg\/"},"author":{"name":"Vincent Gerlache","@id":"https:\/\/rco.be\/#\/schema\/person\/a666fdb120b989d49be48140a45449d3"},"headline":"Accord-cadre Province du Luxembourg : acquisition d\u2019\u00e9crans interactifs et d\u2019affichage professionnel","datePublished":"2025-12-05T15:22:53+00:00","dateModified":"2025-12-05T15:40:21+00:00","mainEntityOfPage":{"@id":"https:\/\/rco.be\/accord-cadre-province-du-luxembourg\/"},"wordCount":188,"publisher":{"@id":"https:\/\/rco.be\/#organization"},"image":{"@id":"https:\/\/rco.be\/accord-cadre-province-du-luxembourg\/#primaryimage"},"thumbnailUrl":"https:\/\/rco.be\/wp-content\/uploads\/2025\/12\/banner-province-luxembourg.jpg","articleSection":["Actualit\u00e9s"],"inLanguage":"en-GB"},{"@type":"WebPage","@id":"https:\/\/rco.be\/accord-cadre-province-du-luxembourg\/","url":"https:\/\/rco.be\/accord-cadre-province-du-luxembourg\/","name":"Accord-cadre Province du Luxembourg : acquisition d\u2019\u00e9crans interactifs et d\u2019affichage professionnel - RCO","isPartOf":{"@id":"https:\/\/rco.be\/#website"},"primaryImageOfPage":{"@id":"https:\/\/rco.be\/accord-cadre-province-du-luxembourg\/#primaryimage"},"image":{"@id":"https:\/\/rco.be\/accord-cadre-province-du-luxembourg\/#primaryimage"},"thumbnailUrl":"https:\/\/rco.be\/wp-content\/uploads\/2025\/12\/banner-province-luxembourg.jpg","datePublished":"2025-12-05T15:22:53+00:00","dateModified":"2025-12-05T15:40:21+00:00","description":"D\u00e9couvrez comment RCO a remport\u00e9 un accord-cadre avec la Province du Luxembourg pour l\u2019acquisition d\u2019\u00e9crans interactifs et d\u2019affichage professionnel, afin de moderniser les espaces \u00e9ducatifs et administratifs.","breadcrumb":{"@id":"https:\/\/rco.be\/accord-cadre-province-du-luxembourg\/#breadcrumb"},"inLanguage":"en-GB","potentialAction":[{"@type":"ReadAction","target":["https:\/\/rco.be\/accord-cadre-province-du-luxembourg\/"]}]},{"@type":"ImageObject","inLanguage":"en-GB","@id":"https:\/\/rco.be\/accord-cadre-province-du-luxembourg\/#primaryimage","url":"https:\/\/rco.be\/wp-content\/uploads\/2025\/12\/banner-province-luxembourg.jpg","contentUrl":"https:\/\/rco.be\/wp-content\/uploads\/2025\/12\/banner-province-luxembourg.jpg","width":800,"height":600},{"@type":"BreadcrumbList","@id":"https:\/\/rco.be\/accord-cadre-province-du-luxembourg\/#breadcrumb","itemListElement":[{"@type":"ListItem","position":1,"name":"Accueil","item":"https:\/\/rco.be\/"},{"@type":"ListItem","position":2,"name":"Accord-cadre Province du Luxembourg : acquisition d\u2019\u00e9crans interactifs et d\u2019affichage professionnel"}]},{"@type":"WebSite","@id":"https:\/\/rco.be\/#website","url":"https:\/\/rco.be\/","name":"RCO","description":"Audiovisual Project Designer","publisher":{"@id":"https:\/\/rco.be\/#organization"},"potentialAction":[{"@type":"SearchAction","target":{"@type":"EntryPoint","urlTemplate":"https:\/\/rco.be\/?s={search_term_string}"},"query-input":{"@type":"PropertyValueSpecification","valueRequired":true,"valueName":"search_term_string"}}],"inLanguage":"en-GB"},{"@type":"Organization","@id":"https:\/\/rco.be\/#organization","name":"RCO","url":"https:\/\/rco.be\/","logo":{"@type":"ImageObject","inLanguage":"en-GB","@id":"https:\/\/rco.be\/#\/schema\/logo\/image\/","url":"https:\/\/rco.be\/wp-content\/uploads\/2022\/06\/logo-rco-couleur-hd.png","contentUrl":"https:\/\/rco.be\/wp-content\/uploads\/2022\/06\/logo-rco-couleur-hd.png","width":266,"height":100,"caption":"RCO"},"image":{"@id":"https:\/\/rco.be\/#\/schema\/logo\/image\/"},"sameAs":["https:\/\/www.facebook.com\/RCOSMART\/"]},{"@type":"Person","@id":"https:\/\/rco.be\/#\/schema\/person\/a666fdb120b989d49be48140a45449d3","name":"Vincent Gerlache","image":{"@type":"ImageObject","inLanguage":"en-GB","@id":"https:\/\/rco.be\/#\/schema\/person\/image\/","url":"https:\/\/secure.gravatar.com\/avatar\/600ef80fbbd936c10ad05f2fef1df8c12b8b10d0027b565e1c9c19270472cd74?s=96&d=mm&r=g","contentUrl":"https:\/\/secure.gravatar.com\/avatar\/600ef80fbbd936c10ad05f2fef1df8c12b8b10d0027b565e1c9c19270472cd74?s=96&d=mm&r=g","caption":"Vincent Gerlache"},"url":"https:\/\/rco.be\/en\/author\/vgerlache\/"}]}},"_links":{"self":[{"href":"https:\/\/rco.be\/en\/wp-json\/wp\/v2\/posts\/13881","targetHints":{"allow":["GET"]}}],"collection":[{"href":"https:\/\/rco.be\/en\/wp-json\/wp\/v2\/posts"}],"about":[{"href":"https:\/\/rco.be\/en\/wp-json\/wp\/v2\/types\/post"}],"author":[{"embeddable":true,"href":"https:\/\/rco.be\/en\/wp-json\/wp\/v2\/users\/2"}],"replies":[{"embeddable":true,"href":"https:\/\/rco.be\/en\/wp-json\/wp\/v2\/comments?post=13881"}],"version-history":[{"count":7,"href":"https:\/\/rco.be\/en\/wp-json\/wp\/v2\/posts\/13881\/revisions"}],"predecessor-version":[{"id":13891,"href":"https:\/\/rco.be\/en\/wp-json\/wp\/v2\/posts\/13881\/revisions\/13891"}],"wp:featuredmedia":[{"embeddable":true,"href":"https:\/\/rco.be\/en\/wp-json\/wp\/v2\/media\/13886"}],"wp:attachment":[{"href":"https:\/\/rco.be\/en\/wp-json\/wp\/v2\/media?parent=13881"}],"wp:term":[{"taxonomy":"category","embeddable":true,"href":"https:\/\/rco.be\/en\/wp-json\/wp\/v2\/categories?post=13881"},{"taxonomy":"post_tag","embeddable":true,"href":"https:\/\/rco.be\/en\/wp-json\/wp\/v2\/tags?post=13881"}],"curies":[{"name":"wp","href":"https:\/\/api.w.org\/{rel}","templated":true}]}}