{"id":2797,"date":"2022-10-27T19:29:36","date_gmt":"2022-10-27T17:29:36","guid":{"rendered":"https:\/\/rco.be\/?p=2797"},"modified":"2022-10-27T19:39:44","modified_gmt":"2022-10-27T17:39:44","slug":"la-coupe-du-monde-cest-au-blocry-avec-rco","status":"publish","type":"post","link":"https:\/\/rco.be\/en\/la-coupe-du-monde-cest-au-blocry-avec-rco\/","title":{"rendered":"La Coupe du Monde c\u2019est au Blocry avec RCO !"},"content":{"rendered":"<div class=\"wpb-content-wrapper\"><div class=\"vc_row wpb_row vc_row-fluid\"><div class=\"wpb_column vc_column_container vc_col-sm-12\"><div class=\"vc_column-inner\"><div class=\"wpb_wrapper\"><div id=\"ultimate-heading-135869f2905580b0c\" class=\"uvc-heading ult-adjust-bottom-margin ultimate-heading-135869f2905580b0c uvc-6704  uvc-heading-default-font-sizes\" data-hspacer=\"line_only\"  data-halign=\"left\" style=\"text-align:left\"><div class=\"uvc-main-heading ult-responsive\"  data-ultimate-target='.uvc-heading.ultimate-heading-135869f2905580b0c h2'  data-responsive-json-new='{\"font-size\":\"\",\"line-height\":\"\"}' ><h2 style=\"--font-weight:theme;margin-bottom:15px;\">Nouvel affichage professionnel pour la coupe du monde avec RCO !<\/h2><\/div><div class=\"uvc-heading-spacer line_only\" style=\"margin-bottom:15px;height:2px;\"><span class=\"uvc-headings-line\" style=\"border-style:solid;border-bottom-width:2px;border-color:#233660;width:200px;\"><\/span><\/div><\/div>\n\t<div class=\"wpb_text_column wpb_content_element  vc_custom_1666891452992\" >\n\t\t<div class=\"wpb_wrapper\">\n\t\t\t<p style=\"text-align: justify;\">A partir du <strong>20 novembre<\/strong>, la Caf\u00e9t\u00e9ria du Blocry proposera la diffusion des <strong>matches<\/strong> de la <strong>Coupe du Monde<\/strong> de football. Avec une <a href=\"https:\/\/rco.be\/en\/rco\/solutions-entreprises\/affichage-professionnel\/\">projection laser<\/a> <strong>ultra-performante<\/strong>, un nouvel \u00e9cran g\u00e9ant de <strong>4 m\u00e8tres<\/strong> ainsi que de nombreux \u00e9crans d\u2019affichage suppl\u00e9mentaires, la direction a mis les petits plats dans les grands pour <strong>satisfaire<\/strong> les fans.<\/p>\n<h3 style=\"text-align: justify;\">Tous en ensemble avec nos Diables\u00a0!<\/h3>\n\n\t\t<\/div>\n\t<\/div>\n<style type=\"text\/css\" data-type=\"the7_shortcodes-inline-css\">.gallery-carousel-shortcode.gallery-carousel-shortcode-id-3de67edde1e8965c6d5922ea15ec19fa.owl-carousel .owl-nav div {\n  width: 36px;\n  height: 36px;\n  border-radius: 500px;\n}\n.dt-arrow-border-on.gallery-carousel-shortcode.gallery-carousel-shortcode-id-3de67edde1e8965c6d5922ea15ec19fa.owl-carousel .owl-nav div:not(:hover):before {\n  border-width: 0px;\n}\n.dt-arrow-hover-border-on.gallery-carousel-shortcode.gallery-carousel-shortcode-id-3de67edde1e8965c6d5922ea15ec19fa.owl-carousel .owl-nav div:hover:after {\n  border-width: 0px;\n}\n.gallery-carousel-shortcode.gallery-carousel-shortcode-id-3de67edde1e8965c6d5922ea15ec19fa.owl-carousel .owl-nav div.owl-prev {\n  top: 50%;\n  transform: translateY(calc(-50% + 0px));\n  left: -43px;\n}\n@media all and (-ms-high-contrast: none) {\n  .gallery-carousel-shortcode.gallery-carousel-shortcode-id-3de67edde1e8965c6d5922ea15ec19fa.owl-carousel .owl-nav div.owl-prev {\n    transform: translateY(-50%);\n    margin-top: 0px;\n  }\n}\n.gallery-carousel-shortcode.gallery-carousel-shortcode-id-3de67edde1e8965c6d5922ea15ec19fa.owl-carousel .owl-nav div.owl-prev i {\n  padding: 0px 0px 0px 0px;\n}\n.gallery-carousel-shortcode.gallery-carousel-shortcode-id-3de67edde1e8965c6d5922ea15ec19fa.owl-carousel .owl-nav div.owl-next {\n  top: 50%;\n  transform: translateY(calc(-50% + 0px));\n  right: -43px;\n}\n@media all and (-ms-high-contrast: none) {\n  .gallery-carousel-shortcode.gallery-carousel-shortcode-id-3de67edde1e8965c6d5922ea15ec19fa.owl-carousel .owl-nav div.owl-next {\n    transform: translateY(-50%);\n    margin-top: 0px;\n  }\n}\n.gallery-carousel-shortcode.gallery-carousel-shortcode-id-3de67edde1e8965c6d5922ea15ec19fa.owl-carousel .owl-nav div.owl-next i {\n  padding: 0px 0px 0px 0px;\n}\n.gallery-carousel-shortcode.gallery-carousel-shortcode-id-3de67edde1e8965c6d5922ea15ec19fa.owl-carousel .owl-nav i {\n  font-size: 18px;\n}\n.gallery-carousel-shortcode.gallery-carousel-shortcode-id-3de67edde1e8965c6d5922ea15ec19fa.owl-carousel .owl-nav div:not(:hover) i,\n.gallery-carousel-shortcode.gallery-carousel-shortcode-id-3de67edde1e8965c6d5922ea15ec19fa.owl-carousel .owl-nav div:not(:hover) i:before {\n  color: #ffffff;\n  background: none;\n}\n.gallery-carousel-shortcode.gallery-carousel-shortcode-id-3de67edde1e8965c6d5922ea15ec19fa.owl-carousel .owl-nav div:hover i,\n.gallery-carousel-shortcode.gallery-carousel-shortcode-id-3de67edde1e8965c6d5922ea15ec19fa.owl-carousel .owl-nav div:hover i:before {\n  color: rgba(255,255,255,0.75);\n  background: none;\n}\n.gallery-carousel-shortcode.gallery-carousel-shortcode-id-3de67edde1e8965c6d5922ea15ec19fa .owl-dots {\n  top: calc(100% + 20px);\n  left: 50%;\n  transform: translateX(calc(-50% + 0px));\n}\n@media all and (-ms-high-contrast: none) {\n  .gallery-carousel-shortcode.gallery-carousel-shortcode-id-3de67edde1e8965c6d5922ea15ec19fa .owl-dots {\n    transform: translateX(-50%);\n    margin-left: 0px;\n  }\n}\n.gallery-carousel-shortcode.gallery-carousel-shortcode-id-3de67edde1e8965c6d5922ea15ec19fa .owl-dot {\n  width: 10px;\n  height: 10px;\n  margin: 0 8px;\n}\n@media screen and (max-width: 778px) {\n  .gallery-carousel-shortcode.gallery-carousel-shortcode-id-3de67edde1e8965c6d5922ea15ec19fa.hide-arrows .owl-nav a {\n    display: none;\n  }\n}\n@media screen and (max-width: 778px) {\n  .gallery-carousel-shortcode.gallery-carousel-shortcode-id-3de67edde1e8965c6d5922ea15ec19fa.reposition-arrows .owl-nav .owl-prev {\n    top: 50%;\n    transform: translateY(calc(-50% + 0px));\n    left: 10px;\n  }\n  .gallery-carousel-shortcode.gallery-carousel-shortcode-id-3de67edde1e8965c6d5922ea15ec19fa.reposition-arrows .owl-nav .owl-next {\n    top: 50%;\n    transform: translateY(calc(-50% + 0px));\n    right: 10px;\n  }\n}\n@media screen and (max-width: 778px) and all and (-ms-high-contrast: none) {\n  .gallery-carousel-shortcode.gallery-carousel-shortcode-id-3de67edde1e8965c6d5922ea15ec19fa.reposition-arrows .owl-nav .owl-prev {\n    transform: translateY(-50%);\n    margin-top: 0px;\n  }\n}\n@media screen and (max-width: 778px) and all and (-ms-high-contrast: none) {\n  .gallery-carousel-shortcode.gallery-carousel-shortcode-id-3de67edde1e8965c6d5922ea15ec19fa.reposition-arrows .owl-nav .owl-next {\n    transform: translateY(-50%);\n    margin-top: 0px;\n  }\n}\n.gallery-carousel-shortcode.gallery-carousel-shortcode-id-3de67edde1e8965c6d5922ea15ec19fa figure,\n.gallery-carousel-shortcode.gallery-carousel-shortcode-id-3de67edde1e8965c6d5922ea15ec19fa .rollover,\n.gallery-carousel-shortcode.gallery-carousel-shortcode-id-3de67edde1e8965c6d5922ea15ec19fa img,\n.gallery-carousel-shortcode.gallery-carousel-shortcode-id-3de67edde1e8965c6d5922ea15ec19fa .gallery-rollover {\n  border-radius: 0px;\n}\n.gallery-carousel-shortcode.gallery-carousel-shortcode-id-3de67edde1e8965c6d5922ea15ec19fa.enable-bg-rollover .gallery-rollover {\n  background: -webkit-linear-gradient();\n  background: linear-gradient();\n}\n.gallery-carousel-shortcode.gallery-carousel-shortcode-id-3de67edde1e8965c6d5922ea15ec19fa.enable-img-shadow .owl-stage-outer {\n  padding: 14px 0;\n}\n.gallery-carousel-shortcode.gallery-carousel-shortcode-id-3de67edde1e8965c6d5922ea15ec19fa.enable-bg-rollover.hover-scale figure .rollover:after {\n  background: -webkit-linear-gradient();\n  background: linear-gradient();\n}\n.gallery-carousel-shortcode.gallery-carousel-shortcode-id-3de67edde1e8965c6d5922ea15ec19fa.gallery-shortcode .gallery-zoom-ico {\n  width: 44px;\n  height: 44px;\n  line-height: 44px;\n  border-radius: 100px;\n  margin: -22px 0 0 -22px;\n  border-width: 0px;\n}\n.dt-icon-bg-on.gallery-carousel-shortcode.gallery-carousel-shortcode-id-3de67edde1e8965c6d5922ea15ec19fa.gallery-shortcode .gallery-zoom-ico {\n  background: rgba(255,255,255,0.3);\n  box-shadow: none;\n}\n.gallery-carousel-shortcode.gallery-carousel-shortcode-id-3de67edde1e8965c6d5922ea15ec19fa.gallery-shortcode .gallery-zoom-ico:before,\n.gallery-carousel-shortcode.gallery-carousel-shortcode-id-3de67edde1e8965c6d5922ea15ec19fa.gallery-shortcode .gallery-zoom-ico span {\n  font-size: 32px;\n  line-height: 44px;\n  color: #ffffff;\n  background: none;\n}<\/style><div class=\"owl-carousel gallery-carousel-shortcode gallery-shortcode  dt-gallery-container dt-owl-carousel-call gallery-carousel-shortcode-id-3de67edde1e8965c6d5922ea15ec19fa quick-scale-img enable-bg-rollover meta-info-off dt-arrow-border-on dt-arrow-hover-border-on bullets-small-dot-stroke reposition-arrows dt-icon-bg-off arrows-bg-on disable-arrows-hover-bg arrows-hover-bg-on  vc_custom_1666891640141 hover-fade\" data-scroll-mode=\"1\" data-col-num=\"2\" data-wide-col-num=\"2\" data-laptop-col=\"2\" data-h-tablet-columns-num=\"2\" data-v-tablet-columns-num=\"2\" data-phone-columns-num=\"1\" data-col-gap=\"10\" data-stage-padding=\"0\" data-speed=\"600\" data-autoplay=\"false\" data-autoplay_speed=\"6000\" data-arrows=\"true\" data-bullet=\"false\" data-next-icon=\"icon-ar-017-r\" data-prev-icon=\"icon-ar-017-l\" data-img-shadow-size=\"12px\" data-img-shadow-spread=\"3px\"><div data-post-id=\"2799\" data-date=\"2022-10-27T19:25:11+02:00\" data-name=\"Coupe-du-monde-Blocry-RCO-Banni\u00e8re\"><figure class=\"post\"><a href=\"https:\/\/rco.be\/wp-content\/uploads\/2022\/10\/Coupe-du-monde-Blocry-RCO-Banniere.webp\" class=\"rollover dt-pswp-item\" data-large_image_width=\"800\" data-large_image_height=\"600\" data-dt-img-description=\"\" title=\"Coupe-du-monde-Blocry-RCO-Banni\u00e8re\"><img loading=\"lazy\" decoding=\"async\" class=\"preload-me aspect\" src=\"https:\/\/rco.be\/wp-content\/uploads\/2022\/10\/Coupe-du-monde-Blocry-RCO-Banniere-600x600.webp\" srcset=\"https:\/\/rco.be\/wp-content\/uploads\/2022\/10\/Coupe-du-monde-Blocry-RCO-Banniere-600x600.webp 600w\" style=\"--ratio: 600 \/ 600\" sizes=\"auto, (max-width: 600px) 100vw, 600px\" alt=\"Les nouveaux \u00e9crans de projection pour la coupe du monde de la caf\u00e9t\u00e9ria du blocry.\" width=\"600\" height=\"600\"  \/><span class=\"gallery-rollover\"><span class=\"gallery-zoom-ico icomoon-the7-font-the7-zoom-06\"><span><\/span><\/span><\/span><\/a><\/figure><\/div><div data-post-id=\"2800\" data-date=\"2022-10-27T19:25:12+02:00\" data-name=\"Coupe-du-monde-Blocry-RCO\"><figure class=\"post\"><a href=\"https:\/\/rco.be\/wp-content\/uploads\/2022\/10\/Coupe-du-monde-Blocry-RCO.webp\" class=\"rollover dt-pswp-item\" data-large_image_width=\"800\" data-large_image_height=\"600\" data-dt-img-description=\"\" title=\"Coupe-du-monde-Blocry-RCO\"><img loading=\"lazy\" decoding=\"async\" class=\"preload-me aspect\" src=\"https:\/\/rco.be\/wp-content\/uploads\/2022\/10\/Coupe-du-monde-Blocry-RCO-600x600.webp\" srcset=\"https:\/\/rco.be\/wp-content\/uploads\/2022\/10\/Coupe-du-monde-Blocry-RCO-600x600.webp 600w\" style=\"--ratio: 600 \/ 600\" sizes=\"auto, (max-width: 600px) 100vw, 600px\" alt=\"La caf\u00e9t\u00e9ria du blocry \u00e9quip\u00e9e par RCO pour la coupe du monde de foot 2022.\" width=\"600\" height=\"600\"  \/><span class=\"gallery-rollover\"><span class=\"gallery-zoom-ico icomoon-the7-font-the7-zoom-06\"><span><\/span><\/span><\/span><\/a><\/figure><\/div><\/div>\n\t<div class=\"wpb_text_column wpb_content_element\" >\n\t\t<div class=\"wpb_wrapper\">\n\t\t\t<p>Retrouvez la caf\u00e9t\u00e9ria du blocry <a href=\"https:\/\/www.facebook.com\/profile.php?id=100067571262113\" target=\"_blank\" rel=\"noopener\">ici<\/a> !<\/p>\n<p>Ou directement \u00e0 la <a href=\"https:\/\/goo.gl\/maps\/wT374nFNakiNGrnv6\" target=\"_blank\" rel=\"noopener\"><u>Place des sports, 1, Louvain-la-Neuve, Belgium<\/u><\/a><\/p>\n\n\t\t<\/div>\n\t<\/div>\n<\/div><\/div><\/div><\/div>\n<\/div>","protected":false},"excerpt":{"rendered":"<p>Nouvel affichage professionnel pour la coupe du monde avec RCO ! A partir du 20 novembre, la Caf\u00e9t\u00e9ria du Blocry proposera la diffusion des matches de la Coupe du Monde de football. Avec une projection laser ultra-performante, un nouvel \u00e9cran g\u00e9ant de 4 m\u00e8tres ainsi que de nombreux \u00e9crans d\u2019affichage suppl\u00e9mentaires, la direction a mis&hellip;<\/p>","protected":false},"author":1,"featured_media":2799,"comment_status":"closed","ping_status":"closed","sticky":false,"template":"","format":"standard","meta":{"footnotes":""},"categories":[7],"tags":[],"class_list":["post-2797","post","type-post","status-publish","format-standard","has-post-thumbnail","hentry","category-actualites","category-7","description-off"],"yoast_head":"<!-- This site is optimized with the Yoast SEO plugin v27.1.1 - https:\/\/yoast.com\/product\/yoast-seo-wordpress\/ -->\n<title>La Coupe du Monde c\u2019est au Blocry avec RCO ! - RCO<\/title>\n<meta name=\"robots\" content=\"index, follow, max-snippet:-1, max-image-preview:large, max-video-preview:-1\" \/>\n<link rel=\"canonical\" href=\"https:\/\/rco.be\/en\/la-coupe-du-monde-cest-au-blocry-avec-rco\/\" \/>\n<meta property=\"og:locale\" content=\"en_GB\" \/>\n<meta property=\"og:type\" content=\"article\" \/>\n<meta property=\"og:title\" content=\"La Coupe du Monde c\u2019est au Blocry avec RCO ! - RCO\" \/>\n<meta property=\"og:url\" content=\"https:\/\/rco.be\/en\/la-coupe-du-monde-cest-au-blocry-avec-rco\/\" \/>\n<meta property=\"og:site_name\" content=\"RCO\" \/>\n<meta property=\"article:publisher\" content=\"https:\/\/www.facebook.com\/RCOSMART\/\" \/>\n<meta property=\"article:published_time\" content=\"2022-10-27T17:29:36+00:00\" \/>\n<meta property=\"article:modified_time\" content=\"2022-10-27T17:39:44+00:00\" \/>\n<meta property=\"og:image\" content=\"https:\/\/rco.be\/wp-content\/uploads\/2022\/10\/Coupe-du-monde-Blocry-RCO-Banniere.webp\" \/>\n\t<meta property=\"og:image:width\" content=\"800\" \/>\n\t<meta property=\"og:image:height\" content=\"600\" \/>\n\t<meta property=\"og:image:type\" content=\"image\/webp\" \/>\n<meta name=\"author\" content=\"Augustin van Essche\" \/>\n<meta name=\"twitter:card\" content=\"summary_large_image\" \/>\n<meta name=\"twitter:label1\" content=\"Written by\" \/>\n\t<meta name=\"twitter:data1\" content=\"Augustin van Essche\" \/>\n\t<meta name=\"twitter:label2\" content=\"Estimated reading time\" \/>\n\t<meta name=\"twitter:data2\" content=\"1 minute\" \/>\n<script type=\"application\/ld+json\" class=\"yoast-schema-graph\">{\"@context\":\"https:\/\/schema.org\",\"@graph\":[{\"@type\":\"Article\",\"@id\":\"https:\/\/rco.be\/la-coupe-du-monde-cest-au-blocry-avec-rco\/#article\",\"isPartOf\":{\"@id\":\"https:\/\/rco.be\/la-coupe-du-monde-cest-au-blocry-avec-rco\/\"},\"author\":{\"name\":\"Augustin van Essche\",\"@id\":\"https:\/\/rco.be\/#\/schema\/person\/c4c01eac32d25f2361e335eb2d7492d4\"},\"headline\":\"La Coupe du Monde c\u2019est au Blocry avec RCO !\",\"datePublished\":\"2022-10-27T17:29:36+00:00\",\"dateModified\":\"2022-10-27T17:39:44+00:00\",\"mainEntityOfPage\":{\"@id\":\"https:\/\/rco.be\/la-coupe-du-monde-cest-au-blocry-avec-rco\/\"},\"wordCount\":230,\"publisher\":{\"@id\":\"https:\/\/rco.be\/#organization\"},\"image\":{\"@id\":\"https:\/\/rco.be\/la-coupe-du-monde-cest-au-blocry-avec-rco\/#primaryimage\"},\"thumbnailUrl\":\"https:\/\/rco.be\/wp-content\/uploads\/2022\/10\/Coupe-du-monde-Blocry-RCO-Banniere.webp\",\"articleSection\":[\"Actualit\u00e9s\"],\"inLanguage\":\"en-GB\"},{\"@type\":\"WebPage\",\"@id\":\"https:\/\/rco.be\/la-coupe-du-monde-cest-au-blocry-avec-rco\/\",\"url\":\"https:\/\/rco.be\/la-coupe-du-monde-cest-au-blocry-avec-rco\/\",\"name\":\"La Coupe du Monde c\u2019est au Blocry avec RCO ! - RCO\",\"isPartOf\":{\"@id\":\"https:\/\/rco.be\/#website\"},\"primaryImageOfPage\":{\"@id\":\"https:\/\/rco.be\/la-coupe-du-monde-cest-au-blocry-avec-rco\/#primaryimage\"},\"image\":{\"@id\":\"https:\/\/rco.be\/la-coupe-du-monde-cest-au-blocry-avec-rco\/#primaryimage\"},\"thumbnailUrl\":\"https:\/\/rco.be\/wp-content\/uploads\/2022\/10\/Coupe-du-monde-Blocry-RCO-Banniere.webp\",\"datePublished\":\"2022-10-27T17:29:36+00:00\",\"dateModified\":\"2022-10-27T17:39:44+00:00\",\"breadcrumb\":{\"@id\":\"https:\/\/rco.be\/la-coupe-du-monde-cest-au-blocry-avec-rco\/#breadcrumb\"},\"inLanguage\":\"en-GB\",\"potentialAction\":[{\"@type\":\"ReadAction\",\"target\":[\"https:\/\/rco.be\/la-coupe-du-monde-cest-au-blocry-avec-rco\/\"]}]},{\"@type\":\"ImageObject\",\"inLanguage\":\"en-GB\",\"@id\":\"https:\/\/rco.be\/la-coupe-du-monde-cest-au-blocry-avec-rco\/#primaryimage\",\"url\":\"https:\/\/rco.be\/wp-content\/uploads\/2022\/10\/Coupe-du-monde-Blocry-RCO-Banniere.webp\",\"contentUrl\":\"https:\/\/rco.be\/wp-content\/uploads\/2022\/10\/Coupe-du-monde-Blocry-RCO-Banniere.webp\",\"width\":800,\"height\":600,\"caption\":\"Les nouveaux \u00e9crans de projection pour la coupe du monde de la caf\u00e9t\u00e9ria du blocry.\"},{\"@type\":\"BreadcrumbList\",\"@id\":\"https:\/\/rco.be\/la-coupe-du-monde-cest-au-blocry-avec-rco\/#breadcrumb\",\"itemListElement\":[{\"@type\":\"ListItem\",\"position\":1,\"name\":\"Accueil\",\"item\":\"https:\/\/rco.be\/\"},{\"@type\":\"ListItem\",\"position\":2,\"name\":\"La Coupe du Monde c\u2019est au Blocry avec RCO !\"}]},{\"@type\":\"WebSite\",\"@id\":\"https:\/\/rco.be\/#website\",\"url\":\"https:\/\/rco.be\/\",\"name\":\"RCO\",\"description\":\"Concepteur de projets audiovisuels\",\"publisher\":{\"@id\":\"https:\/\/rco.be\/#organization\"},\"potentialAction\":[{\"@type\":\"SearchAction\",\"target\":{\"@type\":\"EntryPoint\",\"urlTemplate\":\"https:\/\/rco.be\/?s={search_term_string}\"},\"query-input\":{\"@type\":\"PropertyValueSpecification\",\"valueRequired\":true,\"valueName\":\"search_term_string\"}}],\"inLanguage\":\"en-GB\"},{\"@type\":\"Organization\",\"@id\":\"https:\/\/rco.be\/#organization\",\"name\":\"RCO\",\"url\":\"https:\/\/rco.be\/\",\"logo\":{\"@type\":\"ImageObject\",\"inLanguage\":\"en-GB\",\"@id\":\"https:\/\/rco.be\/#\/schema\/logo\/image\/\",\"url\":\"https:\/\/rco.be\/wp-content\/uploads\/2022\/06\/logo-rco-couleur-hd.png\",\"contentUrl\":\"https:\/\/rco.be\/wp-content\/uploads\/2022\/06\/logo-rco-couleur-hd.png\",\"width\":266,\"height\":100,\"caption\":\"RCO\"},\"image\":{\"@id\":\"https:\/\/rco.be\/#\/schema\/logo\/image\/\"},\"sameAs\":[\"https:\/\/www.facebook.com\/RCOSMART\/\"]},{\"@type\":\"Person\",\"@id\":\"https:\/\/rco.be\/#\/schema\/person\/c4c01eac32d25f2361e335eb2d7492d4\",\"name\":\"Augustin van Essche\",\"image\":{\"@type\":\"ImageObject\",\"inLanguage\":\"en-GB\",\"@id\":\"https:\/\/rco.be\/#\/schema\/person\/image\/\",\"url\":\"https:\/\/secure.gravatar.com\/avatar\/d9e7725d6f6980e57b63a1d003b91862916fd7ee5abb51cd51cdc8ca8675cad0?s=96&d=mm&r=g\",\"contentUrl\":\"https:\/\/secure.gravatar.com\/avatar\/d9e7725d6f6980e57b63a1d003b91862916fd7ee5abb51cd51cdc8ca8675cad0?s=96&d=mm&r=g\",\"caption\":\"Augustin van Essche\"},\"sameAs\":[\"https:\/\/rco.be\"],\"url\":\"https:\/\/rco.be\/en\/author\/avanessche\/\"}]}<\/script>\n<!-- \/ Yoast SEO plugin. -->","yoast_head_json":{"title":"La Coupe du Monde c\u2019est au Blocry avec RCO ! - RCO","robots":{"index":"index","follow":"follow","max-snippet":"max-snippet:-1","max-image-preview":"max-image-preview:large","max-video-preview":"max-video-preview:-1"},"canonical":"https:\/\/rco.be\/en\/la-coupe-du-monde-cest-au-blocry-avec-rco\/","og_locale":"en_GB","og_type":"article","og_title":"La Coupe du Monde c\u2019est au Blocry avec RCO ! - RCO","og_url":"https:\/\/rco.be\/en\/la-coupe-du-monde-cest-au-blocry-avec-rco\/","og_site_name":"RCO","article_publisher":"https:\/\/www.facebook.com\/RCOSMART\/","article_published_time":"2022-10-27T17:29:36+00:00","article_modified_time":"2022-10-27T17:39:44+00:00","og_image":[{"width":800,"height":600,"url":"https:\/\/rco.be\/wp-content\/uploads\/2022\/10\/Coupe-du-monde-Blocry-RCO-Banniere.webp","type":"image\/webp"}],"author":"Augustin van Essche","twitter_card":"summary_large_image","twitter_misc":{"Written by":"Augustin van Essche","Estimated reading time":"1 minute"},"schema":{"@context":"https:\/\/schema.org","@graph":[{"@type":"Article","@id":"https:\/\/rco.be\/la-coupe-du-monde-cest-au-blocry-avec-rco\/#article","isPartOf":{"@id":"https:\/\/rco.be\/la-coupe-du-monde-cest-au-blocry-avec-rco\/"},"author":{"name":"Augustin van Essche","@id":"https:\/\/rco.be\/#\/schema\/person\/c4c01eac32d25f2361e335eb2d7492d4"},"headline":"La Coupe du Monde c\u2019est au Blocry avec RCO !","datePublished":"2022-10-27T17:29:36+00:00","dateModified":"2022-10-27T17:39:44+00:00","mainEntityOfPage":{"@id":"https:\/\/rco.be\/la-coupe-du-monde-cest-au-blocry-avec-rco\/"},"wordCount":230,"publisher":{"@id":"https:\/\/rco.be\/#organization"},"image":{"@id":"https:\/\/rco.be\/la-coupe-du-monde-cest-au-blocry-avec-rco\/#primaryimage"},"thumbnailUrl":"https:\/\/rco.be\/wp-content\/uploads\/2022\/10\/Coupe-du-monde-Blocry-RCO-Banniere.webp","articleSection":["Actualit\u00e9s"],"inLanguage":"en-GB"},{"@type":"WebPage","@id":"https:\/\/rco.be\/la-coupe-du-monde-cest-au-blocry-avec-rco\/","url":"https:\/\/rco.be\/la-coupe-du-monde-cest-au-blocry-avec-rco\/","name":"La Coupe du Monde c\u2019est au Blocry avec RCO ! - RCO","isPartOf":{"@id":"https:\/\/rco.be\/#website"},"primaryImageOfPage":{"@id":"https:\/\/rco.be\/la-coupe-du-monde-cest-au-blocry-avec-rco\/#primaryimage"},"image":{"@id":"https:\/\/rco.be\/la-coupe-du-monde-cest-au-blocry-avec-rco\/#primaryimage"},"thumbnailUrl":"https:\/\/rco.be\/wp-content\/uploads\/2022\/10\/Coupe-du-monde-Blocry-RCO-Banniere.webp","datePublished":"2022-10-27T17:29:36+00:00","dateModified":"2022-10-27T17:39:44+00:00","breadcrumb":{"@id":"https:\/\/rco.be\/la-coupe-du-monde-cest-au-blocry-avec-rco\/#breadcrumb"},"inLanguage":"en-GB","potentialAction":[{"@type":"ReadAction","target":["https:\/\/rco.be\/la-coupe-du-monde-cest-au-blocry-avec-rco\/"]}]},{"@type":"ImageObject","inLanguage":"en-GB","@id":"https:\/\/rco.be\/la-coupe-du-monde-cest-au-blocry-avec-rco\/#primaryimage","url":"https:\/\/rco.be\/wp-content\/uploads\/2022\/10\/Coupe-du-monde-Blocry-RCO-Banniere.webp","contentUrl":"https:\/\/rco.be\/wp-content\/uploads\/2022\/10\/Coupe-du-monde-Blocry-RCO-Banniere.webp","width":800,"height":600,"caption":"Les nouveaux \u00e9crans de projection pour la coupe du monde de la caf\u00e9t\u00e9ria du blocry."},{"@type":"BreadcrumbList","@id":"https:\/\/rco.be\/la-coupe-du-monde-cest-au-blocry-avec-rco\/#breadcrumb","itemListElement":[{"@type":"ListItem","position":1,"name":"Accueil","item":"https:\/\/rco.be\/"},{"@type":"ListItem","position":2,"name":"La Coupe du Monde c\u2019est au Blocry avec RCO !"}]},{"@type":"WebSite","@id":"https:\/\/rco.be\/#website","url":"https:\/\/rco.be\/","name":"RCO","description":"Audiovisual Project Designer","publisher":{"@id":"https:\/\/rco.be\/#organization"},"potentialAction":[{"@type":"SearchAction","target":{"@type":"EntryPoint","urlTemplate":"https:\/\/rco.be\/?s={search_term_string}"},"query-input":{"@type":"PropertyValueSpecification","valueRequired":true,"valueName":"search_term_string"}}],"inLanguage":"en-GB"},{"@type":"Organization","@id":"https:\/\/rco.be\/#organization","name":"RCO","url":"https:\/\/rco.be\/","logo":{"@type":"ImageObject","inLanguage":"en-GB","@id":"https:\/\/rco.be\/#\/schema\/logo\/image\/","url":"https:\/\/rco.be\/wp-content\/uploads\/2022\/06\/logo-rco-couleur-hd.png","contentUrl":"https:\/\/rco.be\/wp-content\/uploads\/2022\/06\/logo-rco-couleur-hd.png","width":266,"height":100,"caption":"RCO"},"image":{"@id":"https:\/\/rco.be\/#\/schema\/logo\/image\/"},"sameAs":["https:\/\/www.facebook.com\/RCOSMART\/"]},{"@type":"Person","@id":"https:\/\/rco.be\/#\/schema\/person\/c4c01eac32d25f2361e335eb2d7492d4","name":"Augustin van Essche","image":{"@type":"ImageObject","inLanguage":"en-GB","@id":"https:\/\/rco.be\/#\/schema\/person\/image\/","url":"https:\/\/secure.gravatar.com\/avatar\/d9e7725d6f6980e57b63a1d003b91862916fd7ee5abb51cd51cdc8ca8675cad0?s=96&d=mm&r=g","contentUrl":"https:\/\/secure.gravatar.com\/avatar\/d9e7725d6f6980e57b63a1d003b91862916fd7ee5abb51cd51cdc8ca8675cad0?s=96&d=mm&r=g","caption":"Augustin van Essche"},"sameAs":["https:\/\/rco.be"],"url":"https:\/\/rco.be\/en\/author\/avanessche\/"}]}},"_links":{"self":[{"href":"https:\/\/rco.be\/en\/wp-json\/wp\/v2\/posts\/2797","targetHints":{"allow":["GET"]}}],"collection":[{"href":"https:\/\/rco.be\/en\/wp-json\/wp\/v2\/posts"}],"about":[{"href":"https:\/\/rco.be\/en\/wp-json\/wp\/v2\/types\/post"}],"author":[{"embeddable":true,"href":"https:\/\/rco.be\/en\/wp-json\/wp\/v2\/users\/1"}],"replies":[{"embeddable":true,"href":"https:\/\/rco.be\/en\/wp-json\/wp\/v2\/comments?post=2797"}],"version-history":[{"count":7,"href":"https:\/\/rco.be\/en\/wp-json\/wp\/v2\/posts\/2797\/revisions"}],"predecessor-version":[{"id":2868,"href":"https:\/\/rco.be\/en\/wp-json\/wp\/v2\/posts\/2797\/revisions\/2868"}],"wp:featuredmedia":[{"embeddable":true,"href":"https:\/\/rco.be\/en\/wp-json\/wp\/v2\/media\/2799"}],"wp:attachment":[{"href":"https:\/\/rco.be\/en\/wp-json\/wp\/v2\/media?parent=2797"}],"wp:term":[{"taxonomy":"category","embeddable":true,"href":"https:\/\/rco.be\/en\/wp-json\/wp\/v2\/categories?post=2797"},{"taxonomy":"post_tag","embeddable":true,"href":"https:\/\/rco.be\/en\/wp-json\/wp\/v2\/tags?post=2797"}],"curies":[{"name":"wp","href":"https:\/\/api.w.org\/{rel}","templated":true}]}}