{"id":3461,"date":"2023-05-19T14:30:37","date_gmt":"2023-05-19T12:30:37","guid":{"rendered":"https:\/\/rco.be\/?p=3461"},"modified":"2023-05-19T13:45:55","modified_gmt":"2023-05-19T11:45:55","slug":"etudes-universitaires-charleroi","status":"publish","type":"post","link":"https:\/\/rco.be\/en\/etudes-universitaires-charleroi\/","title":{"rendered":"Les \u00e9tudes universitaires arrivent \u00e0 Charleroi !"},"content":{"rendered":"<div class=\"wpb-content-wrapper\"><div class=\"vc_row wpb_row vc_row-fluid\"><div class=\"wpb_column vc_column_container vc_col-sm-12\"><div class=\"vc_column-inner\"><div class=\"wpb_wrapper\"><div id=\"ultimate-heading-113369f26bf7d9ebc\" class=\"uvc-heading ult-adjust-bottom-margin ultimate-heading-113369f26bf7d9ebc uvc-8370  uvc-heading-default-font-sizes\" data-hspacer=\"line_only\"  data-halign=\"left\" style=\"text-align:left\"><div class=\"uvc-main-heading ult-responsive\"  data-ultimate-target='.uvc-heading.ultimate-heading-113369f26bf7d9ebc h2'  data-responsive-json-new='{\"font-size\":\"\",\"line-height\":\"\"}' ><h2 style=\"--font-weight:theme;margin-bottom:15px;\">Ouverture d'un nouveau campus universitaire : UCharleroi<\/h2><\/div><div class=\"uvc-heading-spacer line_only\" style=\"margin-bottom:15px;height:2px;\"><span class=\"uvc-headings-line\" style=\"border-style:solid;border-bottom-width:2px;border-color:#233660;width:200px;\"><\/span><\/div><\/div>\n\t<div  class=\"wpb_single_image wpb_content_element vc_align_center  vc_custom_1684496521129\">\n\t\t\n\t\t<figure class=\"wpb_wrapper vc_figure\">\n\t\t\t<div class=\"vc_single_image-wrapper   vc_box_border_grey\"><img loading=\"lazy\" decoding=\"async\" width=\"300\" height=\"111\" src=\"https:\/\/rco.be\/wp-content\/uploads\/2023\/05\/Logo-CampusUCharleroi-300x111.webp\" class=\"vc_single_image-img attachment-medium\" alt=\"Logo du nouveau campus universitaire UCharleroi.\" title=\"Logo-CampusUCharleroi\" srcset=\"https:\/\/rco.be\/wp-content\/uploads\/2023\/05\/Logo-CampusUCharleroi-300x111.webp 300w, https:\/\/rco.be\/wp-content\/uploads\/2023\/05\/Logo-CampusUCharleroi-768x284.webp 768w, https:\/\/rco.be\/wp-content\/uploads\/2023\/05\/Logo-CampusUCharleroi-18x7.webp 18w, https:\/\/rco.be\/wp-content\/uploads\/2023\/05\/Logo-CampusUCharleroi.webp 900w\" sizes=\"auto, (max-width: 300px) 100vw, 300px\"  data-dt-location=\"https:\/\/rco.be\/en\/etudes-universitaires-charleroi\/logo-campusucharleroi\/\" \/><\/div>\n\t\t<\/figure>\n\t<\/div>\n\n\t<div class=\"wpb_text_column wpb_content_element  vc_custom_1684496059093\" >\n\t\t<div class=\"wpb_wrapper\">\n\t\t\t<p>Le campus <strong>UCharleroi<\/strong> se pr\u00e9pare dans les prochains mois \u00e0 ouvrir ses portes, offrant d\u00e8s lors une large palette d\u2019\u00e9tudes universitaires \u00e0 Charleroi. Ce campus est un <strong>projet conjoint<\/strong> de quatre grands partenaires : Province du Hainaut, ULB, UMONS et Ville de Charleroi\/Universit\u00e9 Ouverte, il permettra d\u2019ajouter une <strong>7\u00e8me universit\u00e9<\/strong> au paysage universitaire existant en F\u00e9d\u00e9ration Wallonie Bruxelles.<\/p>\n\n\t\t<\/div>\n\t<\/div>\n\n\t<div  class=\"wpb_single_image wpb_content_element vc_align_center  vc_custom_1684496573009\">\n\t\t\n\t\t<figure class=\"wpb_wrapper vc_figure\">\n\t\t\t<div class=\"vc_single_image-wrapper   vc_box_border_grey\"><img loading=\"lazy\" decoding=\"async\" width=\"1024\" height=\"748\" src=\"https:\/\/rco.be\/wp-content\/uploads\/2023\/05\/Plan-UCharleroi-1024x748.webp\" class=\"vc_single_image-img attachment-large\" alt=\"Plan du nouveau campus universitaire UCharleroi.\" title=\"Plan-UCharleroi\" srcset=\"https:\/\/rco.be\/wp-content\/uploads\/2023\/05\/Plan-UCharleroi-1024x748.webp 1024w, https:\/\/rco.be\/wp-content\/uploads\/2023\/05\/Plan-UCharleroi-300x219.webp 300w, https:\/\/rco.be\/wp-content\/uploads\/2023\/05\/Plan-UCharleroi-768x561.webp 768w, https:\/\/rco.be\/wp-content\/uploads\/2023\/05\/Plan-UCharleroi-16x12.webp 16w, https:\/\/rco.be\/wp-content\/uploads\/2023\/05\/Plan-UCharleroi.webp 1266w\" sizes=\"auto, (max-width: 1024px) 100vw, 1024px\"  data-dt-location=\"https:\/\/rco.be\/en\/etudes-universitaires-charleroi\/plan-ucharleroi\/\" \/><\/div>\n\t\t<\/figure>\n\t<\/div>\n\n\t<div class=\"wpb_text_column wpb_content_element  vc_custom_1684496663268\" >\n\t\t<div class=\"wpb_wrapper\">\n\t\t\t<p style=\"text-align: justify;\">Le Centre Universitaire Zenobe Gramme (CUZG), gestionnaire du site, a <strong>conclu avec RCO un accord-cadre de 4 ans<\/strong> pour la fourniture de <a href=\"https:\/\/rco.be\/en\/rco\/solutions-education\/\">mat\u00e9riel audiovisuel<\/a>, nous permettant d\u2019encore <strong>renforcer <a href=\"https:\/\/rco.be\/en\/rco\/references\/\">notre pr\u00e9sence<\/a><\/strong> au sein des diff\u00e9rentes universit\u00e9s francophones du pays.<\/p>\n<p>D\u00e9couvrez-en plus : <a href=\"http:\/\/cuzg.be\/\" target=\"_blank\" rel=\"noopener\">http:\/\/cuzg.be\/<\/a><\/p>\n\n\t\t<\/div>\n\t<\/div>\n<\/div><\/div><\/div><\/div>\n<\/div>","protected":false},"excerpt":{"rendered":"<p>Ouverture d&rsquo;un nouveau campus universitaire : UCharleroi Le campus UCharleroi se pr\u00e9pare dans les prochains mois \u00e0 ouvrir ses portes, offrant d\u00e8s lors une large palette d\u2019\u00e9tudes universitaires \u00e0 Charleroi. Ce campus est un projet conjoint de quatre grands partenaires : Province du Hainaut, ULB, UMONS et Ville de Charleroi\/Universit\u00e9 Ouverte, il permettra d\u2019ajouter une&hellip;<\/p>","protected":false},"author":1,"featured_media":3464,"comment_status":"closed","ping_status":"closed","sticky":false,"template":"","format":"standard","meta":{"footnotes":""},"categories":[7],"tags":[],"class_list":["post-3461","post","type-post","status-publish","format-standard","has-post-thumbnail","hentry","category-actualites","category-7","description-off"],"yoast_head":"<!-- This site is optimized with the Yoast SEO plugin v27.1.1 - https:\/\/yoast.com\/product\/yoast-seo-wordpress\/ -->\n<title>Les \u00e9tudes universitaires arrivent \u00e0 Charleroi ! - RCO<\/title>\n<meta name=\"robots\" content=\"index, follow, max-snippet:-1, max-image-preview:large, max-video-preview:-1\" \/>\n<link rel=\"canonical\" href=\"https:\/\/rco.be\/en\/etudes-universitaires-charleroi\/\" \/>\n<meta property=\"og:locale\" content=\"en_GB\" \/>\n<meta property=\"og:type\" content=\"article\" \/>\n<meta property=\"og:title\" content=\"Les \u00e9tudes universitaires arrivent \u00e0 Charleroi ! - RCO\" \/>\n<meta property=\"og:url\" content=\"https:\/\/rco.be\/en\/etudes-universitaires-charleroi\/\" \/>\n<meta property=\"og:site_name\" content=\"RCO\" \/>\n<meta property=\"article:publisher\" content=\"https:\/\/www.facebook.com\/RCOSMART\/\" \/>\n<meta property=\"article:published_time\" content=\"2023-05-19T12:30:37+00:00\" \/>\n<meta property=\"og:image\" content=\"https:\/\/rco.be\/wp-content\/uploads\/2023\/05\/UCharleroi-Universite.webp\" \/>\n\t<meta property=\"og:image:width\" content=\"1000\" \/>\n\t<meta property=\"og:image:height\" content=\"670\" \/>\n\t<meta property=\"og:image:type\" content=\"image\/webp\" \/>\n<meta name=\"author\" content=\"Augustin van Essche\" \/>\n<meta name=\"twitter:card\" content=\"summary_large_image\" \/>\n<meta name=\"twitter:label1\" content=\"Written by\" \/>\n\t<meta name=\"twitter:data1\" content=\"Augustin van Essche\" \/>\n\t<meta name=\"twitter:label2\" content=\"Estimated reading time\" \/>\n\t<meta name=\"twitter:data2\" content=\"1 minute\" \/>\n<script type=\"application\/ld+json\" class=\"yoast-schema-graph\">{\"@context\":\"https:\/\/schema.org\",\"@graph\":[{\"@type\":\"Article\",\"@id\":\"https:\/\/rco.be\/etudes-universitaires-charleroi\/#article\",\"isPartOf\":{\"@id\":\"https:\/\/rco.be\/etudes-universitaires-charleroi\/\"},\"author\":{\"name\":\"Augustin van Essche\",\"@id\":\"https:\/\/rco.be\/#\/schema\/person\/c4c01eac32d25f2361e335eb2d7492d4\"},\"headline\":\"Les \u00e9tudes universitaires arrivent \u00e0 Charleroi !\",\"datePublished\":\"2023-05-19T12:30:37+00:00\",\"mainEntityOfPage\":{\"@id\":\"https:\/\/rco.be\/etudes-universitaires-charleroi\/\"},\"wordCount\":219,\"publisher\":{\"@id\":\"https:\/\/rco.be\/#organization\"},\"image\":{\"@id\":\"https:\/\/rco.be\/etudes-universitaires-charleroi\/#primaryimage\"},\"thumbnailUrl\":\"https:\/\/rco.be\/wp-content\/uploads\/2023\/05\/UCharleroi-Universite.webp\",\"articleSection\":[\"Actualit\u00e9s\"],\"inLanguage\":\"en-GB\"},{\"@type\":\"WebPage\",\"@id\":\"https:\/\/rco.be\/etudes-universitaires-charleroi\/\",\"url\":\"https:\/\/rco.be\/etudes-universitaires-charleroi\/\",\"name\":\"Les \u00e9tudes universitaires arrivent \u00e0 Charleroi ! - RCO\",\"isPartOf\":{\"@id\":\"https:\/\/rco.be\/#website\"},\"primaryImageOfPage\":{\"@id\":\"https:\/\/rco.be\/etudes-universitaires-charleroi\/#primaryimage\"},\"image\":{\"@id\":\"https:\/\/rco.be\/etudes-universitaires-charleroi\/#primaryimage\"},\"thumbnailUrl\":\"https:\/\/rco.be\/wp-content\/uploads\/2023\/05\/UCharleroi-Universite.webp\",\"datePublished\":\"2023-05-19T12:30:37+00:00\",\"breadcrumb\":{\"@id\":\"https:\/\/rco.be\/etudes-universitaires-charleroi\/#breadcrumb\"},\"inLanguage\":\"en-GB\",\"potentialAction\":[{\"@type\":\"ReadAction\",\"target\":[\"https:\/\/rco.be\/etudes-universitaires-charleroi\/\"]}]},{\"@type\":\"ImageObject\",\"inLanguage\":\"en-GB\",\"@id\":\"https:\/\/rco.be\/etudes-universitaires-charleroi\/#primaryimage\",\"url\":\"https:\/\/rco.be\/wp-content\/uploads\/2023\/05\/UCharleroi-Universite.webp\",\"contentUrl\":\"https:\/\/rco.be\/wp-content\/uploads\/2023\/05\/UCharleroi-Universite.webp\",\"width\":1000,\"height\":670,\"caption\":\"B\u00e2timents du nouveau campus universitaire UCharleroi.\"},{\"@type\":\"BreadcrumbList\",\"@id\":\"https:\/\/rco.be\/etudes-universitaires-charleroi\/#breadcrumb\",\"itemListElement\":[{\"@type\":\"ListItem\",\"position\":1,\"name\":\"Accueil\",\"item\":\"https:\/\/rco.be\/\"},{\"@type\":\"ListItem\",\"position\":2,\"name\":\"Les \u00e9tudes universitaires arrivent \u00e0 Charleroi !\"}]},{\"@type\":\"WebSite\",\"@id\":\"https:\/\/rco.be\/#website\",\"url\":\"https:\/\/rco.be\/\",\"name\":\"RCO\",\"description\":\"Concepteur de projets audiovisuels\",\"publisher\":{\"@id\":\"https:\/\/rco.be\/#organization\"},\"potentialAction\":[{\"@type\":\"SearchAction\",\"target\":{\"@type\":\"EntryPoint\",\"urlTemplate\":\"https:\/\/rco.be\/?s={search_term_string}\"},\"query-input\":{\"@type\":\"PropertyValueSpecification\",\"valueRequired\":true,\"valueName\":\"search_term_string\"}}],\"inLanguage\":\"en-GB\"},{\"@type\":\"Organization\",\"@id\":\"https:\/\/rco.be\/#organization\",\"name\":\"RCO\",\"url\":\"https:\/\/rco.be\/\",\"logo\":{\"@type\":\"ImageObject\",\"inLanguage\":\"en-GB\",\"@id\":\"https:\/\/rco.be\/#\/schema\/logo\/image\/\",\"url\":\"https:\/\/rco.be\/wp-content\/uploads\/2022\/06\/logo-rco-couleur-hd.png\",\"contentUrl\":\"https:\/\/rco.be\/wp-content\/uploads\/2022\/06\/logo-rco-couleur-hd.png\",\"width\":266,\"height\":100,\"caption\":\"RCO\"},\"image\":{\"@id\":\"https:\/\/rco.be\/#\/schema\/logo\/image\/\"},\"sameAs\":[\"https:\/\/www.facebook.com\/RCOSMART\/\"]},{\"@type\":\"Person\",\"@id\":\"https:\/\/rco.be\/#\/schema\/person\/c4c01eac32d25f2361e335eb2d7492d4\",\"name\":\"Augustin van Essche\",\"image\":{\"@type\":\"ImageObject\",\"inLanguage\":\"en-GB\",\"@id\":\"https:\/\/rco.be\/#\/schema\/person\/image\/\",\"url\":\"https:\/\/secure.gravatar.com\/avatar\/d9e7725d6f6980e57b63a1d003b91862916fd7ee5abb51cd51cdc8ca8675cad0?s=96&d=mm&r=g\",\"contentUrl\":\"https:\/\/secure.gravatar.com\/avatar\/d9e7725d6f6980e57b63a1d003b91862916fd7ee5abb51cd51cdc8ca8675cad0?s=96&d=mm&r=g\",\"caption\":\"Augustin van Essche\"},\"sameAs\":[\"https:\/\/rco.be\"],\"url\":\"https:\/\/rco.be\/en\/author\/avanessche\/\"}]}<\/script>\n<!-- \/ Yoast SEO plugin. -->","yoast_head_json":{"title":"Les \u00e9tudes universitaires arrivent \u00e0 Charleroi ! - RCO","robots":{"index":"index","follow":"follow","max-snippet":"max-snippet:-1","max-image-preview":"max-image-preview:large","max-video-preview":"max-video-preview:-1"},"canonical":"https:\/\/rco.be\/en\/etudes-universitaires-charleroi\/","og_locale":"en_GB","og_type":"article","og_title":"Les \u00e9tudes universitaires arrivent \u00e0 Charleroi ! - RCO","og_url":"https:\/\/rco.be\/en\/etudes-universitaires-charleroi\/","og_site_name":"RCO","article_publisher":"https:\/\/www.facebook.com\/RCOSMART\/","article_published_time":"2023-05-19T12:30:37+00:00","og_image":[{"width":1000,"height":670,"url":"https:\/\/rco.be\/wp-content\/uploads\/2023\/05\/UCharleroi-Universite.webp","type":"image\/webp"}],"author":"Augustin van Essche","twitter_card":"summary_large_image","twitter_misc":{"Written by":"Augustin van Essche","Estimated reading time":"1 minute"},"schema":{"@context":"https:\/\/schema.org","@graph":[{"@type":"Article","@id":"https:\/\/rco.be\/etudes-universitaires-charleroi\/#article","isPartOf":{"@id":"https:\/\/rco.be\/etudes-universitaires-charleroi\/"},"author":{"name":"Augustin van Essche","@id":"https:\/\/rco.be\/#\/schema\/person\/c4c01eac32d25f2361e335eb2d7492d4"},"headline":"Les \u00e9tudes universitaires arrivent \u00e0 Charleroi !","datePublished":"2023-05-19T12:30:37+00:00","mainEntityOfPage":{"@id":"https:\/\/rco.be\/etudes-universitaires-charleroi\/"},"wordCount":219,"publisher":{"@id":"https:\/\/rco.be\/#organization"},"image":{"@id":"https:\/\/rco.be\/etudes-universitaires-charleroi\/#primaryimage"},"thumbnailUrl":"https:\/\/rco.be\/wp-content\/uploads\/2023\/05\/UCharleroi-Universite.webp","articleSection":["Actualit\u00e9s"],"inLanguage":"en-GB"},{"@type":"WebPage","@id":"https:\/\/rco.be\/etudes-universitaires-charleroi\/","url":"https:\/\/rco.be\/etudes-universitaires-charleroi\/","name":"Les \u00e9tudes universitaires arrivent \u00e0 Charleroi ! - RCO","isPartOf":{"@id":"https:\/\/rco.be\/#website"},"primaryImageOfPage":{"@id":"https:\/\/rco.be\/etudes-universitaires-charleroi\/#primaryimage"},"image":{"@id":"https:\/\/rco.be\/etudes-universitaires-charleroi\/#primaryimage"},"thumbnailUrl":"https:\/\/rco.be\/wp-content\/uploads\/2023\/05\/UCharleroi-Universite.webp","datePublished":"2023-05-19T12:30:37+00:00","breadcrumb":{"@id":"https:\/\/rco.be\/etudes-universitaires-charleroi\/#breadcrumb"},"inLanguage":"en-GB","potentialAction":[{"@type":"ReadAction","target":["https:\/\/rco.be\/etudes-universitaires-charleroi\/"]}]},{"@type":"ImageObject","inLanguage":"en-GB","@id":"https:\/\/rco.be\/etudes-universitaires-charleroi\/#primaryimage","url":"https:\/\/rco.be\/wp-content\/uploads\/2023\/05\/UCharleroi-Universite.webp","contentUrl":"https:\/\/rco.be\/wp-content\/uploads\/2023\/05\/UCharleroi-Universite.webp","width":1000,"height":670,"caption":"B\u00e2timents du nouveau campus universitaire UCharleroi."},{"@type":"BreadcrumbList","@id":"https:\/\/rco.be\/etudes-universitaires-charleroi\/#breadcrumb","itemListElement":[{"@type":"ListItem","position":1,"name":"Accueil","item":"https:\/\/rco.be\/"},{"@type":"ListItem","position":2,"name":"Les \u00e9tudes universitaires arrivent \u00e0 Charleroi !"}]},{"@type":"WebSite","@id":"https:\/\/rco.be\/#website","url":"https:\/\/rco.be\/","name":"RCO","description":"Audiovisual Project Designer","publisher":{"@id":"https:\/\/rco.be\/#organization"},"potentialAction":[{"@type":"SearchAction","target":{"@type":"EntryPoint","urlTemplate":"https:\/\/rco.be\/?s={search_term_string}"},"query-input":{"@type":"PropertyValueSpecification","valueRequired":true,"valueName":"search_term_string"}}],"inLanguage":"en-GB"},{"@type":"Organization","@id":"https:\/\/rco.be\/#organization","name":"RCO","url":"https:\/\/rco.be\/","logo":{"@type":"ImageObject","inLanguage":"en-GB","@id":"https:\/\/rco.be\/#\/schema\/logo\/image\/","url":"https:\/\/rco.be\/wp-content\/uploads\/2022\/06\/logo-rco-couleur-hd.png","contentUrl":"https:\/\/rco.be\/wp-content\/uploads\/2022\/06\/logo-rco-couleur-hd.png","width":266,"height":100,"caption":"RCO"},"image":{"@id":"https:\/\/rco.be\/#\/schema\/logo\/image\/"},"sameAs":["https:\/\/www.facebook.com\/RCOSMART\/"]},{"@type":"Person","@id":"https:\/\/rco.be\/#\/schema\/person\/c4c01eac32d25f2361e335eb2d7492d4","name":"Augustin van Essche","image":{"@type":"ImageObject","inLanguage":"en-GB","@id":"https:\/\/rco.be\/#\/schema\/person\/image\/","url":"https:\/\/secure.gravatar.com\/avatar\/d9e7725d6f6980e57b63a1d003b91862916fd7ee5abb51cd51cdc8ca8675cad0?s=96&d=mm&r=g","contentUrl":"https:\/\/secure.gravatar.com\/avatar\/d9e7725d6f6980e57b63a1d003b91862916fd7ee5abb51cd51cdc8ca8675cad0?s=96&d=mm&r=g","caption":"Augustin van Essche"},"sameAs":["https:\/\/rco.be"],"url":"https:\/\/rco.be\/en\/author\/avanessche\/"}]}},"_links":{"self":[{"href":"https:\/\/rco.be\/en\/wp-json\/wp\/v2\/posts\/3461","targetHints":{"allow":["GET"]}}],"collection":[{"href":"https:\/\/rco.be\/en\/wp-json\/wp\/v2\/posts"}],"about":[{"href":"https:\/\/rco.be\/en\/wp-json\/wp\/v2\/types\/post"}],"author":[{"embeddable":true,"href":"https:\/\/rco.be\/en\/wp-json\/wp\/v2\/users\/1"}],"replies":[{"embeddable":true,"href":"https:\/\/rco.be\/en\/wp-json\/wp\/v2\/comments?post=3461"}],"version-history":[{"count":5,"href":"https:\/\/rco.be\/en\/wp-json\/wp\/v2\/posts\/3461\/revisions"}],"predecessor-version":[{"id":3469,"href":"https:\/\/rco.be\/en\/wp-json\/wp\/v2\/posts\/3461\/revisions\/3469"}],"wp:featuredmedia":[{"embeddable":true,"href":"https:\/\/rco.be\/en\/wp-json\/wp\/v2\/media\/3464"}],"wp:attachment":[{"href":"https:\/\/rco.be\/en\/wp-json\/wp\/v2\/media?parent=3461"}],"wp:term":[{"taxonomy":"category","embeddable":true,"href":"https:\/\/rco.be\/en\/wp-json\/wp\/v2\/categories?post=3461"},{"taxonomy":"post_tag","embeddable":true,"href":"https:\/\/rco.be\/en\/wp-json\/wp\/v2\/tags?post=3461"}],"curies":[{"name":"wp","href":"https:\/\/api.w.org\/{rel}","templated":true}]}}