{"id":3632,"date":"2023-07-10T17:00:43","date_gmt":"2023-07-10T15:00:43","guid":{"rendered":"https:\/\/rco.be\/?p=3632"},"modified":"2023-07-11T00:16:39","modified_gmt":"2023-07-10T22:16:39","slug":"installateur-audiovisuel-h-f","status":"publish","type":"post","link":"https:\/\/rco.be\/en\/installateur-audiovisuel-h-f\/","title":{"rendered":"Installateur audiovisuel (H\/F)"},"content":{"rendered":"<div class=\"wpb-content-wrapper\"><div class=\"vc_row wpb_row vc_row-fluid\"><div class=\"wpb_column vc_column_container vc_col-sm-12\"><div class=\"vc_column-inner\"><div class=\"wpb_wrapper\">\n\t<div class=\"wpb_text_column wpb_content_element\" >\n\t\t<div class=\"wpb_wrapper\">\n\t\t\t<div class=\"page\" title=\"Page 1\">\n<div class=\"layoutArea\">\n<div class=\"column\">\n<p>Afin de renforcer notre e\u0301quipe actuelle, nous sommes a\u0300 la recherche d\u2019un <strong>technicien\/installateur \u00ab Junior \u00bb<\/strong>.<\/div>\n<\/div>\n<\/div>\n\n\t\t<\/div>\n\t<\/div>\n<div class=\"hr-thin style-dashed\" style=\"width: 70%;border-top-width: 1px;\"><\/div><div id=\"ultimate-heading-542169f2a858123b8\" class=\"uvc-heading ult-adjust-bottom-margin ultimate-heading-542169f2a858123b8 uvc-627  uvc-heading-default-font-sizes\" data-hspacer=\"line_only\"  data-halign=\"left\" style=\"text-align:left\"><div class=\"uvc-main-heading ult-responsive\"  data-ultimate-target='.uvc-heading.ultimate-heading-542169f2a858123b8 h2'  data-responsive-json-new='{\"font-size\":\"\",\"line-height\":\"\"}' ><h2 style=\"--font-weight:theme;margin-bottom:15px;\">Qualifications<\/h2><\/div><div class=\"uvc-heading-spacer line_only\" style=\"margin-bottom:15px;height:2px;\"><span class=\"uvc-headings-line\" style=\"border-style:solid;border-bottom-width:2px;border-color:#233660;width:100px;\"><\/span><\/div><\/div>\n\t<div class=\"wpb_text_column wpb_content_element\" >\n\t\t<div class=\"wpb_wrapper\">\n\t\t\t<div class=\"page\" title=\"Page 1\">\n<div class=\"layoutArea\">\n<div class=\"column\">\n<ul>\n<li>Certificat d\u2019e\u0301tudes secondaires supe\u0301rieures ou qualification en e\u0301lectricite\u0301 ou e\u0301lectrome\u0301canique (BA4, CAP&#8230;)<\/li>\n<li>Franc\u0327ais en niveau C2 donc langue maternelle (Le n\u00e9erlandais ou l&rsquo;anglais en seconde langue est un plus)<\/li>\n<li>Permis B<\/li>\n<\/ul>\n<\/div>\n<\/div>\n<\/div>\n\n\t\t<\/div>\n\t<\/div>\n<div class=\"hr-thin style-dashed\" style=\"width: 70%;border-top-width: 1px;\"><\/div><div id=\"ultimate-heading-14769f2a85812556\" class=\"uvc-heading ult-adjust-bottom-margin ultimate-heading-14769f2a85812556 uvc-9414  uvc-heading-default-font-sizes\" data-hspacer=\"line_only\"  data-halign=\"left\" style=\"text-align:left\"><div class=\"uvc-main-heading ult-responsive\"  data-ultimate-target='.uvc-heading.ultimate-heading-14769f2a85812556 h2'  data-responsive-json-new='{\"font-size\":\"\",\"line-height\":\"\"}' ><h2 style=\"--font-weight:theme;margin-bottom:15px;\">Qualit\u00e9s recherch\u00e9es :<\/h2><\/div><div class=\"uvc-heading-spacer line_only\" style=\"margin-bottom:15px;height:2px;\"><span class=\"uvc-headings-line\" style=\"border-style:solid;border-bottom-width:2px;border-color:#233660;width:100px;\"><\/span><\/div><\/div>\n\t<div class=\"wpb_text_column wpb_content_element\" >\n\t\t<div class=\"wpb_wrapper\">\n\t\t\t<div class=\"page\" title=\"Page 1\">\n<div class=\"layoutArea\">\n<div class=\"column\">\n<ul>\n<li>Esprit ouvert aux nouvelles technologies nume\u0301riques et a\u0300 l\u2019e\u0301volution constante des produits (ICT)<\/li>\n<li>Aptitude a\u0300 utiliser des outils (foreuses, visseuses&#8230;)<\/li>\n<li>Esprit d\u2019analyse, me\u0301thodique, rigoureux dans le suivi du travail<\/li>\n<li>Personne fiable<\/li>\n<\/ul>\n<\/div>\n<\/div>\n<\/div>\n\n\t\t<\/div>\n\t<\/div>\n<div class=\"hr-thin style-dashed\" style=\"width: 70%;border-top-width: 1px;\"><\/div><div id=\"ultimate-heading-75669f2a858126e1\" class=\"uvc-heading ult-adjust-bottom-margin ultimate-heading-75669f2a858126e1 uvc-1778  uvc-heading-default-font-sizes\" data-hspacer=\"line_only\"  data-halign=\"left\" style=\"text-align:left\"><div class=\"uvc-main-heading ult-responsive\"  data-ultimate-target='.uvc-heading.ultimate-heading-75669f2a858126e1 h2'  data-responsive-json-new='{\"font-size\":\"\",\"line-height\":\"\"}' ><h2 style=\"--font-weight:theme;margin-bottom:15px;\">Fonctions :<\/h2><\/div><div class=\"uvc-heading-spacer line_only\" style=\"margin-bottom:15px;height:2px;\"><span class=\"uvc-headings-line\" style=\"border-style:solid;border-bottom-width:2px;border-color:#233660;width:100px;\"><\/span><\/div><\/div>\n\t<div class=\"wpb_text_column wpb_content_element\" >\n\t\t<div class=\"wpb_wrapper\">\n\t\t\t<div class=\"page\" title=\"Page 1\">\n<div class=\"layoutArea\">\n<div class=\"column\">\n<div class=\"page\" title=\"Page 1\">\n<div class=\"layoutArea\">\n<div class=\"column\">\n<ul>\n<li>Vous travaillez en e\u0301quipe de deux et horaire de jour du lundi au vendredi.<\/li>\n<li>Vous re\u0301alisez des installations audiovisuelles (tableaux, e\u0301crans nume\u0301riques, visio- confe\u0301rences, projection et audio) pour nos clients dans le Brabant Wallon mais aussi le Hainaut et Bruxelles.<\/li>\n<\/ul>\n<\/div>\n<\/div>\n<\/div>\n<\/div>\n<\/div>\n<\/div>\n\n\t\t<\/div>\n\t<\/div>\n<div class=\"hr-thin style-dashed\" style=\"width: 70%;border-top-width: 1px;\"><\/div><div id=\"ultimate-heading-435469f2a85812869\" class=\"uvc-heading ult-adjust-bottom-margin ultimate-heading-435469f2a85812869 uvc-6958  uvc-heading-default-font-sizes\" data-hspacer=\"line_only\"  data-halign=\"left\" style=\"text-align:left\"><div class=\"uvc-main-heading ult-responsive\"  data-ultimate-target='.uvc-heading.ultimate-heading-435469f2a85812869 h2'  data-responsive-json-new='{\"font-size\":\"\",\"line-height\":\"\"}' ><h2 style=\"--font-weight:theme;margin-bottom:15px;\">Nous offrons :<\/h2><\/div><div class=\"uvc-heading-spacer line_only\" style=\"margin-bottom:15px;height:2px;\"><span class=\"uvc-headings-line\" style=\"border-style:solid;border-bottom-width:2px;border-color:#233660;width:100px;\"><\/span><\/div><\/div>\n\t<div class=\"wpb_text_column wpb_content_element\" >\n\t\t<div class=\"wpb_wrapper\">\n\t\t\t<div class=\"page\" title=\"Page 1\">\n<div class=\"layoutArea\">\n<div class=\"column\">\n<ul>\n<li>Apprentissage comple\u0301mentaire sur le lieu de travail.<\/li>\n<li>Entreprise dynamique en constante e\u0301volution.<\/li>\n<li>CDD de 3 mois ensuite CDI apre\u0300s e\u0301valuation conjointe<\/li>\n<li>Che\u0300ques-repas<\/li>\n<\/ul>\n<\/div>\n<\/div>\n<\/div>\n\n\t\t<\/div>\n\t<\/div>\n<\/div><\/div><\/div><\/div><div class=\"vc_row wpb_row vc_row-fluid vc_custom_1658759754686\"><div class=\"wpb_column vc_column_container vc_col-sm-12\"><div class=\"vc_column-inner vc_custom_1658759951675\"><div class=\"wpb_wrapper\"><div id=\"ultimate-heading-306969f2a85812f55\" class=\"uvc-heading ult-adjust-bottom-margin ultimate-heading-306969f2a85812f55 uvc-9897  uvc-heading-default-font-sizes\" data-hspacer=\"line_only\"  data-halign=\"left\" style=\"text-align:left\"><div class=\"uvc-main-heading ult-responsive\"  data-ultimate-target='.uvc-heading.ultimate-heading-306969f2a85812f55 h3'  data-responsive-json-new='{\"font-size\":\"\",\"line-height\":\"\"}' ><h3 style=\"--font-weight:theme;margin-bottom:15px;\">Cette offre vous int\u00e9resse ?<\/h3><\/div><div class=\"uvc-heading-spacer line_only\" style=\"margin-bottom:15px;height:1px;\"><span class=\"uvc-headings-line\" style=\"border-style:solid;border-bottom-width:1px;border-color:#233660;width:100px;\"><\/span><\/div><\/div>\n<div class=\"wpcf7 no-js\" id=\"wpcf7-f1437-o1\" lang=\"fr-BE\" dir=\"ltr\" data-wpcf7-id=\"1437\">\n<div class=\"screen-reader-response\"><p role=\"status\" aria-live=\"polite\" aria-atomic=\"true\"><\/p> <ul><\/ul><\/div>\n<form action=\"\/en\/wp-json\/wp\/v2\/posts\/3632#wpcf7-f1437-o1\" method=\"post\" class=\"wpcf7-form init\" aria-label=\"Contact form\" enctype=\"multipart\/form-data\" novalidate=\"novalidate\" data-status=\"init\" data-trp-original-action=\"\/en\/wp-json\/wp\/v2\/posts\/3632#wpcf7-f1437-o1\">\n<fieldset class=\"hidden-fields-container\"><input type=\"hidden\" name=\"_wpcf7\" value=\"1437\" \/><input type=\"hidden\" name=\"_wpcf7_version\" value=\"6.1.5\" \/><input type=\"hidden\" name=\"_wpcf7_locale\" value=\"fr_BE\" \/><input type=\"hidden\" name=\"_wpcf7_unit_tag\" value=\"wpcf7-f1437-o1\" \/><input type=\"hidden\" name=\"_wpcf7_container_post\" value=\"0\" \/><input type=\"hidden\" name=\"_wpcf7_posted_data_hash\" value=\"\" \/>\n<\/fieldset>\n<div class=\"wpcf7-turnstile cf-turnstile\" data-sitekey=\"0x4AAAAAACGVnurI-83iShiG\" data-response-field-name=\"_wpcf7_turnstile_response\"><\/div>\n\n<p><label> Votre pr\u00e9nom*<br \/>\n<span class=\"wpcf7-form-control-wrap\" data-name=\"prenom\"><input size=\"40\" maxlength=\"400\" class=\"wpcf7-form-control wpcf7-text wpcf7-validates-as-required\" aria-required=\"true\" aria-invalid=\"false\" value=\"\" type=\"text\" name=\"prenom\" \/><\/span> <\/label>\n<\/p>\n<p><label> Votre nom*<br \/>\n<span class=\"wpcf7-form-control-wrap\" data-name=\"your-name\"><input size=\"40\" maxlength=\"400\" class=\"wpcf7-form-control wpcf7-text wpcf7-validates-as-required\" aria-required=\"true\" aria-invalid=\"false\" value=\"\" type=\"text\" name=\"your-name\" \/><\/span> <\/label>\n<\/p>\n<p><label> Votre adresse mail*<br \/>\n<span class=\"wpcf7-form-control-wrap\" data-name=\"your-email\"><input size=\"40\" maxlength=\"400\" class=\"wpcf7-form-control wpcf7-email wpcf7-validates-as-required wpcf7-text wpcf7-validates-as-email\" aria-required=\"true\" aria-invalid=\"false\" value=\"\" type=\"email\" name=\"your-email\" \/><\/span> <\/label>\n<\/p>\n<p><label> Votre num\u00e9ro de t\u00e9l\u00e9phone*<br \/>\n<span class=\"wpcf7-form-control-wrap\" data-name=\"numero-telephone\"><input size=\"40\" maxlength=\"400\" class=\"wpcf7-form-control wpcf7-tel wpcf7-validates-as-required wpcf7-text wpcf7-validates-as-tel\" aria-required=\"true\" aria-invalid=\"false\" value=\"\" type=\"tel\" name=\"numero-telephone\" \/><\/span> <\/label>\n<\/p>\n<p><label> Expliquez-nous en quelques lignes quels sont vos motivations ? Pourquoi devrions-nous vous choisir vous ?*<br \/>\n<span class=\"wpcf7-form-control-wrap\" data-name=\"motivations\"><textarea cols=\"40\" rows=\"10\" maxlength=\"2000\" class=\"wpcf7-form-control wpcf7-textarea wpcf7-validates-as-required\" aria-required=\"true\" aria-invalid=\"false\" name=\"motivations\"><\/textarea><\/span> <\/label>\n<\/p>\n<p><label> T\u00e9l\u00e9chargez votre CV (uniquement en pdf)*<br \/>\n<span class=\"wpcf7-form-control-wrap\" data-name=\"curriculum-vitae\"><input size=\"40\" class=\"wpcf7-form-control wpcf7-file wpcf7-validates-as-required\" accept=\".pdf\" aria-required=\"true\" aria-invalid=\"false\" type=\"file\" name=\"curriculum-vitae\" \/><\/span> <\/label>\n<\/p>\n<p><label><br \/>\n<span class=\"wpcf7-form-control-wrap\" data-name=\"vie-prive\"><span class=\"wpcf7-form-control wpcf7-acceptance\"><span class=\"wpcf7-list-item\"><label><input type=\"checkbox\" name=\"vie-prive\" value=\"1\" aria-invalid=\"false\" \/><span class=\"wpcf7-list-item-label\">En utilisant ce formulaire, vous acceptez le stockage et le traitement de vos donn\u00e9es par RCO dans l'unique but de traiter votre candidature.<\/span><\/label><\/span><\/span><\/span> <\/label>\n<\/p>\n<p><input class=\"wpcf7-form-control wpcf7-submit has-spinner\" type=\"submit\" value=\"Envoyer ma candidature\" \/>\n<\/p><div class=\"wpcf7-response-output\" aria-hidden=\"true\"><\/div>\n<input type=\"hidden\" name=\"trp-form-language\" value=\"en\"\/><\/form>\n<\/div>\n\n\t<div class=\"wpb_raw_code wpb_raw_html wpb_content_element\" >\n\t\t<div class=\"wpb_wrapper\">\n\t\t\t<small>Ce site est prot\u00e9g\u00e9 par recaptcha et la <a target=\"_blank\" href=\"https:\/\/policies.google.com\/privacy?hl=fr\">Politique de confidentialit\u00e9<\/a> et les <a target=\"_blank\" href=\"https:\/\/policies.google.com\/terms?hl=fr\">Conditions d'utilisation<\/a> de Google s'appliquent.<\/small>\n\n\t\t<\/div>\n\t<\/div>\n<\/div><\/div><\/div><\/div><!-- Row Backgrounds --><div class=\"upb_color\" data-bg-override=\"ex-full\" data-bg-color=\"#f0f1f2\" data-fadeout=\"\" data-fadeout-percentage=\"30\" data-parallax-content=\"\" data-parallax-content-sense=\"30\" data-row-effect-mobile-disable=\"true\" data-img-parallax-mobile-disable=\"true\" data-rtl=\"false\"  data-custom-vc-row=\"\"  data-vc=\"8.7.2\"  data-is_old_vc=\"\"  data-theme-support=\"\"   data-overlay=\"false\" data-overlay-color=\"\" data-overlay-pattern=\"\" data-overlay-pattern-opacity=\"\" data-overlay-pattern-size=\"\"    ><\/div>\n<\/div>","protected":false},"excerpt":{"rendered":"<p>Afin de renforcer notre e\u0301quipe actuelle, nous sommes a\u0300 la recherche d\u2019un technicien\/installateur \u00ab Junior \u00bb. Qualifications Certificat d\u2019e\u0301tudes secondaires supe\u0301rieures ou qualification en e\u0301lectricite\u0301 ou e\u0301lectrome\u0301canique (BA4, CAP&#8230;) Franc\u0327ais en niveau C2 donc langue maternelle (Le n\u00e9erlandais ou l&rsquo;anglais en seconde langue est un plus) Permis B Qualit\u00e9s recherch\u00e9es : Esprit ouvert aux nouvelles&hellip;<\/p>","protected":false},"author":1,"featured_media":0,"comment_status":"closed","ping_status":"closed","sticky":false,"template":"","format":"standard","meta":{"footnotes":""},"categories":[9],"tags":[],"class_list":["post-3632","post","type-post","status-publish","format-standard","hentry","category-offres-demploi","category-9","description-off"],"yoast_head":"<!-- This site is optimized with the Yoast SEO plugin v27.1.1 - https:\/\/yoast.com\/product\/yoast-seo-wordpress\/ -->\n<title>Installateur audiovisuel (H\/F) - RCO<\/title>\n<meta name=\"robots\" content=\"index, follow, max-snippet:-1, max-image-preview:large, max-video-preview:-1\" \/>\n<link rel=\"canonical\" href=\"https:\/\/rco.be\/en\/installateur-audiovisuel-h-f\/\" \/>\n<meta property=\"og:locale\" content=\"en_GB\" \/>\n<meta property=\"og:type\" content=\"article\" \/>\n<meta property=\"og:title\" content=\"Installateur audiovisuel (H\/F) - RCO\" \/>\n<meta property=\"og:url\" content=\"https:\/\/rco.be\/en\/installateur-audiovisuel-h-f\/\" \/>\n<meta property=\"og:site_name\" content=\"RCO\" \/>\n<meta property=\"article:publisher\" content=\"https:\/\/www.facebook.com\/RCOSMART\/\" \/>\n<meta property=\"article:published_time\" content=\"2023-07-10T15:00:43+00:00\" \/>\n<meta property=\"article:modified_time\" content=\"2023-07-10T22:16:39+00:00\" \/>\n<meta name=\"author\" content=\"Augustin van Essche\" \/>\n<meta name=\"twitter:card\" content=\"summary_large_image\" \/>\n<meta name=\"twitter:label1\" content=\"Written by\" \/>\n\t<meta name=\"twitter:data1\" content=\"Augustin van Essche\" \/>\n\t<meta name=\"twitter:label2\" content=\"Estimated reading time\" \/>\n\t<meta name=\"twitter:data2\" content=\"2 minutes\" \/>\n<script type=\"application\/ld+json\" class=\"yoast-schema-graph\">{\"@context\":\"https:\/\/schema.org\",\"@graph\":[{\"@type\":\"Article\",\"@id\":\"https:\/\/rco.be\/installateur-audiovisuel-h-f\/#article\",\"isPartOf\":{\"@id\":\"https:\/\/rco.be\/installateur-audiovisuel-h-f\/\"},\"author\":{\"name\":\"Augustin van Essche\",\"@id\":\"https:\/\/rco.be\/#\/schema\/person\/c4c01eac32d25f2361e335eb2d7492d4\"},\"headline\":\"Installateur audiovisuel (H\/F)\",\"datePublished\":\"2023-07-10T15:00:43+00:00\",\"dateModified\":\"2023-07-10T22:16:39+00:00\",\"mainEntityOfPage\":{\"@id\":\"https:\/\/rco.be\/installateur-audiovisuel-h-f\/\"},\"wordCount\":484,\"publisher\":{\"@id\":\"https:\/\/rco.be\/#organization\"},\"articleSection\":[\"Offres d'emploi\"],\"inLanguage\":\"en-GB\"},{\"@type\":\"WebPage\",\"@id\":\"https:\/\/rco.be\/installateur-audiovisuel-h-f\/\",\"url\":\"https:\/\/rco.be\/installateur-audiovisuel-h-f\/\",\"name\":\"Installateur audiovisuel (H\/F) - RCO\",\"isPartOf\":{\"@id\":\"https:\/\/rco.be\/#website\"},\"datePublished\":\"2023-07-10T15:00:43+00:00\",\"dateModified\":\"2023-07-10T22:16:39+00:00\",\"breadcrumb\":{\"@id\":\"https:\/\/rco.be\/installateur-audiovisuel-h-f\/#breadcrumb\"},\"inLanguage\":\"en-GB\",\"potentialAction\":[{\"@type\":\"ReadAction\",\"target\":[\"https:\/\/rco.be\/installateur-audiovisuel-h-f\/\"]}]},{\"@type\":\"BreadcrumbList\",\"@id\":\"https:\/\/rco.be\/installateur-audiovisuel-h-f\/#breadcrumb\",\"itemListElement\":[{\"@type\":\"ListItem\",\"position\":1,\"name\":\"Accueil\",\"item\":\"https:\/\/rco.be\/\"},{\"@type\":\"ListItem\",\"position\":2,\"name\":\"Installateur audiovisuel (H\/F)\"}]},{\"@type\":\"WebSite\",\"@id\":\"https:\/\/rco.be\/#website\",\"url\":\"https:\/\/rco.be\/\",\"name\":\"RCO\",\"description\":\"Concepteur de projets audiovisuels\",\"publisher\":{\"@id\":\"https:\/\/rco.be\/#organization\"},\"potentialAction\":[{\"@type\":\"SearchAction\",\"target\":{\"@type\":\"EntryPoint\",\"urlTemplate\":\"https:\/\/rco.be\/?s={search_term_string}\"},\"query-input\":{\"@type\":\"PropertyValueSpecification\",\"valueRequired\":true,\"valueName\":\"search_term_string\"}}],\"inLanguage\":\"en-GB\"},{\"@type\":\"Organization\",\"@id\":\"https:\/\/rco.be\/#organization\",\"name\":\"RCO\",\"url\":\"https:\/\/rco.be\/\",\"logo\":{\"@type\":\"ImageObject\",\"inLanguage\":\"en-GB\",\"@id\":\"https:\/\/rco.be\/#\/schema\/logo\/image\/\",\"url\":\"https:\/\/rco.be\/wp-content\/uploads\/2022\/06\/logo-rco-couleur-hd.png\",\"contentUrl\":\"https:\/\/rco.be\/wp-content\/uploads\/2022\/06\/logo-rco-couleur-hd.png\",\"width\":266,\"height\":100,\"caption\":\"RCO\"},\"image\":{\"@id\":\"https:\/\/rco.be\/#\/schema\/logo\/image\/\"},\"sameAs\":[\"https:\/\/www.facebook.com\/RCOSMART\/\"]},{\"@type\":\"Person\",\"@id\":\"https:\/\/rco.be\/#\/schema\/person\/c4c01eac32d25f2361e335eb2d7492d4\",\"name\":\"Augustin van Essche\",\"image\":{\"@type\":\"ImageObject\",\"inLanguage\":\"en-GB\",\"@id\":\"https:\/\/rco.be\/#\/schema\/person\/image\/\",\"url\":\"https:\/\/secure.gravatar.com\/avatar\/d9e7725d6f6980e57b63a1d003b91862916fd7ee5abb51cd51cdc8ca8675cad0?s=96&d=mm&r=g\",\"contentUrl\":\"https:\/\/secure.gravatar.com\/avatar\/d9e7725d6f6980e57b63a1d003b91862916fd7ee5abb51cd51cdc8ca8675cad0?s=96&d=mm&r=g\",\"caption\":\"Augustin van Essche\"},\"sameAs\":[\"https:\/\/rco.be\"],\"url\":\"https:\/\/rco.be\/en\/author\/avanessche\/\"}]}<\/script>\n<!-- \/ Yoast SEO plugin. -->","yoast_head_json":{"title":"Installateur audiovisuel (H\/F) - RCO","robots":{"index":"index","follow":"follow","max-snippet":"max-snippet:-1","max-image-preview":"max-image-preview:large","max-video-preview":"max-video-preview:-1"},"canonical":"https:\/\/rco.be\/en\/installateur-audiovisuel-h-f\/","og_locale":"en_GB","og_type":"article","og_title":"Installateur audiovisuel (H\/F) - RCO","og_url":"https:\/\/rco.be\/en\/installateur-audiovisuel-h-f\/","og_site_name":"RCO","article_publisher":"https:\/\/www.facebook.com\/RCOSMART\/","article_published_time":"2023-07-10T15:00:43+00:00","article_modified_time":"2023-07-10T22:16:39+00:00","author":"Augustin van Essche","twitter_card":"summary_large_image","twitter_misc":{"Written by":"Augustin van Essche","Estimated reading time":"2 minutes"},"schema":{"@context":"https:\/\/schema.org","@graph":[{"@type":"Article","@id":"https:\/\/rco.be\/installateur-audiovisuel-h-f\/#article","isPartOf":{"@id":"https:\/\/rco.be\/installateur-audiovisuel-h-f\/"},"author":{"name":"Augustin van Essche","@id":"https:\/\/rco.be\/#\/schema\/person\/c4c01eac32d25f2361e335eb2d7492d4"},"headline":"Installateur audiovisuel (H\/F)","datePublished":"2023-07-10T15:00:43+00:00","dateModified":"2023-07-10T22:16:39+00:00","mainEntityOfPage":{"@id":"https:\/\/rco.be\/installateur-audiovisuel-h-f\/"},"wordCount":484,"publisher":{"@id":"https:\/\/rco.be\/#organization"},"articleSection":["Offres d'emploi"],"inLanguage":"en-GB"},{"@type":"WebPage","@id":"https:\/\/rco.be\/installateur-audiovisuel-h-f\/","url":"https:\/\/rco.be\/installateur-audiovisuel-h-f\/","name":"Installateur audiovisuel (H\/F) - RCO","isPartOf":{"@id":"https:\/\/rco.be\/#website"},"datePublished":"2023-07-10T15:00:43+00:00","dateModified":"2023-07-10T22:16:39+00:00","breadcrumb":{"@id":"https:\/\/rco.be\/installateur-audiovisuel-h-f\/#breadcrumb"},"inLanguage":"en-GB","potentialAction":[{"@type":"ReadAction","target":["https:\/\/rco.be\/installateur-audiovisuel-h-f\/"]}]},{"@type":"BreadcrumbList","@id":"https:\/\/rco.be\/installateur-audiovisuel-h-f\/#breadcrumb","itemListElement":[{"@type":"ListItem","position":1,"name":"Accueil","item":"https:\/\/rco.be\/"},{"@type":"ListItem","position":2,"name":"Installateur audiovisuel (H\/F)"}]},{"@type":"WebSite","@id":"https:\/\/rco.be\/#website","url":"https:\/\/rco.be\/","name":"RCO","description":"Audiovisual Project Designer","publisher":{"@id":"https:\/\/rco.be\/#organization"},"potentialAction":[{"@type":"SearchAction","target":{"@type":"EntryPoint","urlTemplate":"https:\/\/rco.be\/?s={search_term_string}"},"query-input":{"@type":"PropertyValueSpecification","valueRequired":true,"valueName":"search_term_string"}}],"inLanguage":"en-GB"},{"@type":"Organization","@id":"https:\/\/rco.be\/#organization","name":"RCO","url":"https:\/\/rco.be\/","logo":{"@type":"ImageObject","inLanguage":"en-GB","@id":"https:\/\/rco.be\/#\/schema\/logo\/image\/","url":"https:\/\/rco.be\/wp-content\/uploads\/2022\/06\/logo-rco-couleur-hd.png","contentUrl":"https:\/\/rco.be\/wp-content\/uploads\/2022\/06\/logo-rco-couleur-hd.png","width":266,"height":100,"caption":"RCO"},"image":{"@id":"https:\/\/rco.be\/#\/schema\/logo\/image\/"},"sameAs":["https:\/\/www.facebook.com\/RCOSMART\/"]},{"@type":"Person","@id":"https:\/\/rco.be\/#\/schema\/person\/c4c01eac32d25f2361e335eb2d7492d4","name":"Augustin van Essche","image":{"@type":"ImageObject","inLanguage":"en-GB","@id":"https:\/\/rco.be\/#\/schema\/person\/image\/","url":"https:\/\/secure.gravatar.com\/avatar\/d9e7725d6f6980e57b63a1d003b91862916fd7ee5abb51cd51cdc8ca8675cad0?s=96&d=mm&r=g","contentUrl":"https:\/\/secure.gravatar.com\/avatar\/d9e7725d6f6980e57b63a1d003b91862916fd7ee5abb51cd51cdc8ca8675cad0?s=96&d=mm&r=g","caption":"Augustin van Essche"},"sameAs":["https:\/\/rco.be"],"url":"https:\/\/rco.be\/en\/author\/avanessche\/"}]}},"_links":{"self":[{"href":"https:\/\/rco.be\/en\/wp-json\/wp\/v2\/posts\/3632","targetHints":{"allow":["GET"]}}],"collection":[{"href":"https:\/\/rco.be\/en\/wp-json\/wp\/v2\/posts"}],"about":[{"href":"https:\/\/rco.be\/en\/wp-json\/wp\/v2\/types\/post"}],"author":[{"embeddable":true,"href":"https:\/\/rco.be\/en\/wp-json\/wp\/v2\/users\/1"}],"replies":[{"embeddable":true,"href":"https:\/\/rco.be\/en\/wp-json\/wp\/v2\/comments?post=3632"}],"version-history":[{"count":1,"href":"https:\/\/rco.be\/en\/wp-json\/wp\/v2\/posts\/3632\/revisions"}],"predecessor-version":[{"id":3633,"href":"https:\/\/rco.be\/en\/wp-json\/wp\/v2\/posts\/3632\/revisions\/3633"}],"wp:attachment":[{"href":"https:\/\/rco.be\/en\/wp-json\/wp\/v2\/media?parent=3632"}],"wp:term":[{"taxonomy":"category","embeddable":true,"href":"https:\/\/rco.be\/en\/wp-json\/wp\/v2\/categories?post=3632"},{"taxonomy":"post_tag","embeddable":true,"href":"https:\/\/rco.be\/en\/wp-json\/wp\/v2\/tags?post=3632"}],"curies":[{"name":"wp","href":"https:\/\/api.w.org\/{rel}","templated":true}]}}