{"id":5086,"date":"2025-06-10T11:32:01","date_gmt":"2025-06-10T09:32:01","guid":{"rendered":"https:\/\/rco.be\/?p=5086"},"modified":"2025-06-10T21:41:04","modified_gmt":"2025-06-10T19:41:04","slug":"rco-partenaire-audiovisuel-de-lucm-namur","status":"publish","type":"post","link":"https:\/\/rco.be\/en\/rco-partenaire-audiovisuel-de-lucm-namur\/","title":{"rendered":"RCO, partenaire audiovisuel de l&rsquo;UCM Namur"},"content":{"rendered":"<div class=\"wpb-content-wrapper\"><div class=\"vc_row wpb_row vc_row-fluid\"><div class=\"wpb_column vc_column_container vc_col-sm-12\"><div class=\"vc_column-inner\"><div class=\"wpb_wrapper\"><div id=\"ultimate-heading-904669f322cd53b29\" class=\"uvc-heading ult-adjust-bottom-margin ultimate-heading-904669f322cd53b29 uvc-4861  uvc-heading-default-font-sizes\" data-hspacer=\"line_only\"  data-halign=\"left\" style=\"text-align:left\"><div class=\"uvc-main-heading ult-responsive\"  data-ultimate-target='.uvc-heading.ultimate-heading-904669f322cd53b29 h2'  data-responsive-json-new='{\"font-size\":\"\",\"line-height\":\"\"}' ><h2 style=\"--font-weight:theme;margin-bottom:15px;\">Salles de r\u00e9union \u00e0 l'UCM Namur<\/h2><\/div><div class=\"uvc-heading-spacer line_only\" style=\"margin-bottom:15px;height:2px;\"><span class=\"uvc-headings-line\" style=\"border-style:solid;border-bottom-width:2px;border-color:#233660;width:200px;\"><\/span><\/div><\/div>\n\t<div class=\"wpb_text_column wpb_content_element  vc_custom_1749584432071\" >\n\t\t<div class=\"wpb_wrapper\">\n\t\t\t<p>RCO a r\u00e9pondu aux besoins d&rsquo;\u00e9quipement audiovisuel de plusieurs salles de r\u00e9union \u00e0 l&rsquo;UCM Namur. Ce projet porte principalement sur la fourniture et l\u2019installation de solutions\u00a0 comprenant l&rsquo;affichage, la visioconf\u00e9rence via des solutions Microsoft Teams Room Logitech, l&rsquo;usage de serveurs de partage sans fil Barco Clickshare et de dalles micro plafond Sennheiser Teamconnect pour une captation sonore de grande qualit\u00e9. L&rsquo;ensemble des \u00e9quipements est pilot\u00e9 au travers d&rsquo;une interface sur mesure embarqu\u00e9e dans des dalles tactiles. Un grand merci \u00e0 Christophe, notre programmeur Extron pour son efficacit\u00e9 dans la mise en oeuvre des attentes de notre client.<\/p>\n\n\t\t<\/div>\n\t<\/div>\n<\/div><\/div><\/div><\/div><div class=\"vc_row wpb_row vc_row-fluid\"><div class=\"wpb_column vc_column_container vc_col-sm-6\"><div class=\"vc_column-inner\"><div class=\"wpb_wrapper\">\n\t<div  class=\"wpb_single_image wpb_content_element vc_align_left\">\n\t\t\n\t\t<figure class=\"wpb_wrapper vc_figure\">\n\t\t\t<div class=\"vc_single_image-wrapper   vc_box_border_grey\"><img loading=\"lazy\" decoding=\"async\" width=\"300\" height=\"225\" src=\"https:\/\/rco.be\/wp-content\/uploads\/2025\/06\/IMG_6930-300x225.jpg\" class=\"vc_single_image-img attachment-medium\" alt=\"\" title=\"IMG_6930\" srcset=\"https:\/\/rco.be\/wp-content\/uploads\/2025\/06\/IMG_6930-300x225.jpg 300w, https:\/\/rco.be\/wp-content\/uploads\/2025\/06\/IMG_6930-1024x768.jpg 1024w, https:\/\/rco.be\/wp-content\/uploads\/2025\/06\/IMG_6930-768x576.jpg 768w, https:\/\/rco.be\/wp-content\/uploads\/2025\/06\/IMG_6930-1536x1152.jpg 1536w, https:\/\/rco.be\/wp-content\/uploads\/2025\/06\/IMG_6930-2048x1536.jpg 2048w, https:\/\/rco.be\/wp-content\/uploads\/2025\/06\/IMG_6930-16x12.jpg 16w\" sizes=\"auto, (max-width: 300px) 100vw, 300px\"  data-dt-location=\"https:\/\/rco.be\/en\/rco-partenaire-audiovisuel-de-lucm-namur\/img_6930\/\" \/><\/div>\n\t\t<\/figure>\n\t<\/div>\n<\/div><\/div><\/div><div class=\"wpb_column vc_column_container vc_col-sm-6\"><div class=\"vc_column-inner\"><div class=\"wpb_wrapper\">\n\t<div  class=\"wpb_single_image wpb_content_element vc_align_left\">\n\t\t\n\t\t<figure class=\"wpb_wrapper vc_figure\">\n\t\t\t<div class=\"vc_single_image-wrapper   vc_box_border_grey\"><img loading=\"lazy\" decoding=\"async\" width=\"300\" height=\"225\" src=\"https:\/\/rco.be\/wp-content\/uploads\/2025\/06\/IMG_6924-300x225.jpg\" class=\"vc_single_image-img attachment-medium\" alt=\"\" title=\"IMG_6924\" srcset=\"https:\/\/rco.be\/wp-content\/uploads\/2025\/06\/IMG_6924-300x225.jpg 300w, https:\/\/rco.be\/wp-content\/uploads\/2025\/06\/IMG_6924-1024x768.jpg 1024w, https:\/\/rco.be\/wp-content\/uploads\/2025\/06\/IMG_6924-768x576.jpg 768w, https:\/\/rco.be\/wp-content\/uploads\/2025\/06\/IMG_6924-1536x1152.jpg 1536w, https:\/\/rco.be\/wp-content\/uploads\/2025\/06\/IMG_6924-2048x1536.jpg 2048w, https:\/\/rco.be\/wp-content\/uploads\/2025\/06\/IMG_6924-16x12.jpg 16w\" sizes=\"auto, (max-width: 300px) 100vw, 300px\"  data-dt-location=\"https:\/\/rco.be\/en\/rco-partenaire-audiovisuel-de-lucm-namur\/img_6924\/\" \/><\/div>\n\t\t<\/figure>\n\t<\/div>\n<\/div><\/div><\/div><\/div><div class=\"vc_row wpb_row vc_row-fluid\"><div class=\"wpb_column vc_column_container vc_col-sm-6\"><div class=\"vc_column-inner\"><div class=\"wpb_wrapper\">\n\t<div  class=\"wpb_single_image wpb_content_element vc_align_left\">\n\t\t\n\t\t<figure class=\"wpb_wrapper vc_figure\">\n\t\t\t<div class=\"vc_single_image-wrapper   vc_box_border_grey\"><img loading=\"lazy\" decoding=\"async\" width=\"300\" height=\"225\" src=\"https:\/\/rco.be\/wp-content\/uploads\/2025\/06\/IMG_6928-300x225.jpg\" class=\"vc_single_image-img attachment-medium\" alt=\"\" title=\"IMG_6928\" srcset=\"https:\/\/rco.be\/wp-content\/uploads\/2025\/06\/IMG_6928-300x225.jpg 300w, https:\/\/rco.be\/wp-content\/uploads\/2025\/06\/IMG_6928-1024x768.jpg 1024w, https:\/\/rco.be\/wp-content\/uploads\/2025\/06\/IMG_6928-768x576.jpg 768w, https:\/\/rco.be\/wp-content\/uploads\/2025\/06\/IMG_6928-1536x1152.jpg 1536w, https:\/\/rco.be\/wp-content\/uploads\/2025\/06\/IMG_6928-2048x1536.jpg 2048w, https:\/\/rco.be\/wp-content\/uploads\/2025\/06\/IMG_6928-16x12.jpg 16w\" sizes=\"auto, (max-width: 300px) 100vw, 300px\"  data-dt-location=\"https:\/\/rco.be\/en\/rco-partenaire-audiovisuel-de-lucm-namur\/img_6928\/\" \/><\/div>\n\t\t<\/figure>\n\t<\/div>\n<\/div><\/div><\/div><div class=\"wpb_column vc_column_container vc_col-sm-6\"><div class=\"vc_column-inner\"><div class=\"wpb_wrapper\">\n\t<div  class=\"wpb_single_image wpb_content_element vc_align_left\">\n\t\t\n\t\t<figure class=\"wpb_wrapper vc_figure\">\n\t\t\t<div class=\"vc_single_image-wrapper   vc_box_border_grey\"><img loading=\"lazy\" decoding=\"async\" width=\"300\" height=\"225\" src=\"https:\/\/rco.be\/wp-content\/uploads\/2025\/06\/IMG_6926-300x225.jpg\" class=\"vc_single_image-img attachment-medium\" alt=\"\" title=\"IMG_6926\" srcset=\"https:\/\/rco.be\/wp-content\/uploads\/2025\/06\/IMG_6926-300x225.jpg 300w, https:\/\/rco.be\/wp-content\/uploads\/2025\/06\/IMG_6926-1024x768.jpg 1024w, https:\/\/rco.be\/wp-content\/uploads\/2025\/06\/IMG_6926-768x576.jpg 768w, https:\/\/rco.be\/wp-content\/uploads\/2025\/06\/IMG_6926-1536x1152.jpg 1536w, https:\/\/rco.be\/wp-content\/uploads\/2025\/06\/IMG_6926-2048x1536.jpg 2048w, https:\/\/rco.be\/wp-content\/uploads\/2025\/06\/IMG_6926-16x12.jpg 16w\" sizes=\"auto, (max-width: 300px) 100vw, 300px\"  data-dt-location=\"https:\/\/rco.be\/en\/rco-partenaire-audiovisuel-de-lucm-namur\/img_6926\/\" \/><\/div>\n\t\t<\/figure>\n\t<\/div>\n<\/div><\/div><\/div><\/div>\n<\/div>","protected":false},"excerpt":{"rendered":"<p>Salles de r\u00e9union \u00e0 l&rsquo;UCM Namur RCO a r\u00e9pondu aux besoins d&rsquo;\u00e9quipement audiovisuel de plusieurs salles de r\u00e9union \u00e0 l&rsquo;UCM Namur. Ce projet porte principalement sur la fourniture et l\u2019installation de solutions\u00a0 comprenant l&rsquo;affichage, la visioconf\u00e9rence via des solutions Microsoft Teams Room Logitech, l&rsquo;usage de serveurs de partage sans fil Barco Clickshare et de dalles&hellip;<\/p>","protected":false},"author":2,"featured_media":5088,"comment_status":"closed","ping_status":"closed","sticky":false,"template":"","format":"standard","meta":{"footnotes":""},"categories":[7],"tags":[],"class_list":["post-5086","post","type-post","status-publish","format-standard","has-post-thumbnail","hentry","category-actualites","category-7","description-off"],"yoast_head":"<!-- This site is optimized with the Yoast SEO plugin v27.1.1 - https:\/\/yoast.com\/product\/yoast-seo-wordpress\/ -->\n<title>RCO, partenaire audiovisuel de l&#039;UCM Namur - RCO<\/title>\n<meta name=\"robots\" content=\"index, follow, max-snippet:-1, max-image-preview:large, max-video-preview:-1\" \/>\n<link rel=\"canonical\" href=\"https:\/\/rco.be\/en\/rco-partenaire-audiovisuel-de-lucm-namur\/\" \/>\n<meta property=\"og:locale\" content=\"en_GB\" \/>\n<meta property=\"og:type\" content=\"article\" \/>\n<meta property=\"og:title\" content=\"RCO, partenaire audiovisuel de l&#039;UCM Namur - RCO\" \/>\n<meta property=\"og:url\" content=\"https:\/\/rco.be\/en\/rco-partenaire-audiovisuel-de-lucm-namur\/\" \/>\n<meta property=\"og:site_name\" content=\"RCO\" \/>\n<meta property=\"article:publisher\" content=\"https:\/\/www.facebook.com\/RCOSMART\/\" \/>\n<meta property=\"article:published_time\" content=\"2025-06-10T09:32:01+00:00\" \/>\n<meta property=\"article:modified_time\" content=\"2025-06-10T19:41:04+00:00\" \/>\n<meta property=\"og:image\" content=\"https:\/\/rco.be\/wp-content\/uploads\/2024\/10\/e01e6d1c-bbaa-4693-9149-041ee6908c3b.jpg\" \/>\n\t<meta property=\"og:image:width\" content=\"600\" \/>\n\t<meta property=\"og:image:height\" content=\"800\" \/>\n\t<meta property=\"og:image:type\" content=\"image\/jpeg\" \/>\n<meta name=\"author\" content=\"Vincent Gerlache\" \/>\n<meta name=\"twitter:card\" content=\"summary_large_image\" \/>\n<meta name=\"twitter:label1\" content=\"Written by\" \/>\n\t<meta name=\"twitter:data1\" content=\"Vincent Gerlache\" \/>\n\t<meta name=\"twitter:label2\" content=\"Estimated reading time\" \/>\n\t<meta name=\"twitter:data2\" content=\"2 minutes\" \/>\n<script type=\"application\/ld+json\" class=\"yoast-schema-graph\">{\"@context\":\"https:\/\/schema.org\",\"@graph\":[{\"@type\":\"Article\",\"@id\":\"https:\/\/rco.be\/rco-partenaire-audiovisuel-de-lucm-namur\/#article\",\"isPartOf\":{\"@id\":\"https:\/\/rco.be\/rco-partenaire-audiovisuel-de-lucm-namur\/\"},\"author\":{\"name\":\"Vincent Gerlache\",\"@id\":\"https:\/\/rco.be\/#\/schema\/person\/a666fdb120b989d49be48140a45449d3\"},\"headline\":\"RCO, partenaire audiovisuel de l&rsquo;UCM Namur\",\"datePublished\":\"2025-06-10T09:32:01+00:00\",\"dateModified\":\"2025-06-10T19:41:04+00:00\",\"mainEntityOfPage\":{\"@id\":\"https:\/\/rco.be\/rco-partenaire-audiovisuel-de-lucm-namur\/\"},\"wordCount\":233,\"publisher\":{\"@id\":\"https:\/\/rco.be\/#organization\"},\"image\":{\"@id\":\"https:\/\/rco.be\/rco-partenaire-audiovisuel-de-lucm-namur\/#primaryimage\"},\"thumbnailUrl\":\"https:\/\/rco.be\/wp-content\/uploads\/2024\/10\/e01e6d1c-bbaa-4693-9149-041ee6908c3b.jpg\",\"articleSection\":[\"Actualit\u00e9s\"],\"inLanguage\":\"en-GB\"},{\"@type\":\"WebPage\",\"@id\":\"https:\/\/rco.be\/rco-partenaire-audiovisuel-de-lucm-namur\/\",\"url\":\"https:\/\/rco.be\/rco-partenaire-audiovisuel-de-lucm-namur\/\",\"name\":\"RCO, partenaire audiovisuel de l'UCM Namur - RCO\",\"isPartOf\":{\"@id\":\"https:\/\/rco.be\/#website\"},\"primaryImageOfPage\":{\"@id\":\"https:\/\/rco.be\/rco-partenaire-audiovisuel-de-lucm-namur\/#primaryimage\"},\"image\":{\"@id\":\"https:\/\/rco.be\/rco-partenaire-audiovisuel-de-lucm-namur\/#primaryimage\"},\"thumbnailUrl\":\"https:\/\/rco.be\/wp-content\/uploads\/2024\/10\/e01e6d1c-bbaa-4693-9149-041ee6908c3b.jpg\",\"datePublished\":\"2025-06-10T09:32:01+00:00\",\"dateModified\":\"2025-06-10T19:41:04+00:00\",\"breadcrumb\":{\"@id\":\"https:\/\/rco.be\/rco-partenaire-audiovisuel-de-lucm-namur\/#breadcrumb\"},\"inLanguage\":\"en-GB\",\"potentialAction\":[{\"@type\":\"ReadAction\",\"target\":[\"https:\/\/rco.be\/rco-partenaire-audiovisuel-de-lucm-namur\/\"]}]},{\"@type\":\"ImageObject\",\"inLanguage\":\"en-GB\",\"@id\":\"https:\/\/rco.be\/rco-partenaire-audiovisuel-de-lucm-namur\/#primaryimage\",\"url\":\"https:\/\/rco.be\/wp-content\/uploads\/2024\/10\/e01e6d1c-bbaa-4693-9149-041ee6908c3b.jpg\",\"contentUrl\":\"https:\/\/rco.be\/wp-content\/uploads\/2024\/10\/e01e6d1c-bbaa-4693-9149-041ee6908c3b.jpg\",\"width\":600,\"height\":800},{\"@type\":\"BreadcrumbList\",\"@id\":\"https:\/\/rco.be\/rco-partenaire-audiovisuel-de-lucm-namur\/#breadcrumb\",\"itemListElement\":[{\"@type\":\"ListItem\",\"position\":1,\"name\":\"Accueil\",\"item\":\"https:\/\/rco.be\/\"},{\"@type\":\"ListItem\",\"position\":2,\"name\":\"RCO, partenaire audiovisuel de l&rsquo;UCM Namur\"}]},{\"@type\":\"WebSite\",\"@id\":\"https:\/\/rco.be\/#website\",\"url\":\"https:\/\/rco.be\/\",\"name\":\"RCO\",\"description\":\"Concepteur de projets audiovisuels\",\"publisher\":{\"@id\":\"https:\/\/rco.be\/#organization\"},\"potentialAction\":[{\"@type\":\"SearchAction\",\"target\":{\"@type\":\"EntryPoint\",\"urlTemplate\":\"https:\/\/rco.be\/?s={search_term_string}\"},\"query-input\":{\"@type\":\"PropertyValueSpecification\",\"valueRequired\":true,\"valueName\":\"search_term_string\"}}],\"inLanguage\":\"en-GB\"},{\"@type\":\"Organization\",\"@id\":\"https:\/\/rco.be\/#organization\",\"name\":\"RCO\",\"url\":\"https:\/\/rco.be\/\",\"logo\":{\"@type\":\"ImageObject\",\"inLanguage\":\"en-GB\",\"@id\":\"https:\/\/rco.be\/#\/schema\/logo\/image\/\",\"url\":\"https:\/\/rco.be\/wp-content\/uploads\/2022\/06\/logo-rco-couleur-hd.png\",\"contentUrl\":\"https:\/\/rco.be\/wp-content\/uploads\/2022\/06\/logo-rco-couleur-hd.png\",\"width\":266,\"height\":100,\"caption\":\"RCO\"},\"image\":{\"@id\":\"https:\/\/rco.be\/#\/schema\/logo\/image\/\"},\"sameAs\":[\"https:\/\/www.facebook.com\/RCOSMART\/\"]},{\"@type\":\"Person\",\"@id\":\"https:\/\/rco.be\/#\/schema\/person\/a666fdb120b989d49be48140a45449d3\",\"name\":\"Vincent Gerlache\",\"image\":{\"@type\":\"ImageObject\",\"inLanguage\":\"en-GB\",\"@id\":\"https:\/\/rco.be\/#\/schema\/person\/image\/\",\"url\":\"https:\/\/secure.gravatar.com\/avatar\/600ef80fbbd936c10ad05f2fef1df8c12b8b10d0027b565e1c9c19270472cd74?s=96&d=mm&r=g\",\"contentUrl\":\"https:\/\/secure.gravatar.com\/avatar\/600ef80fbbd936c10ad05f2fef1df8c12b8b10d0027b565e1c9c19270472cd74?s=96&d=mm&r=g\",\"caption\":\"Vincent Gerlache\"},\"url\":\"https:\/\/rco.be\/en\/author\/vgerlache\/\"}]}<\/script>\n<!-- \/ Yoast SEO plugin. -->","yoast_head_json":{"title":"RCO, partenaire audiovisuel de l'UCM Namur - RCO","robots":{"index":"index","follow":"follow","max-snippet":"max-snippet:-1","max-image-preview":"max-image-preview:large","max-video-preview":"max-video-preview:-1"},"canonical":"https:\/\/rco.be\/en\/rco-partenaire-audiovisuel-de-lucm-namur\/","og_locale":"en_GB","og_type":"article","og_title":"RCO, partenaire audiovisuel de l'UCM Namur - RCO","og_url":"https:\/\/rco.be\/en\/rco-partenaire-audiovisuel-de-lucm-namur\/","og_site_name":"RCO","article_publisher":"https:\/\/www.facebook.com\/RCOSMART\/","article_published_time":"2025-06-10T09:32:01+00:00","article_modified_time":"2025-06-10T19:41:04+00:00","og_image":[{"width":600,"height":800,"url":"https:\/\/rco.be\/wp-content\/uploads\/2024\/10\/e01e6d1c-bbaa-4693-9149-041ee6908c3b.jpg","type":"image\/jpeg"}],"author":"Vincent Gerlache","twitter_card":"summary_large_image","twitter_misc":{"Written by":"Vincent Gerlache","Estimated reading time":"2 minutes"},"schema":{"@context":"https:\/\/schema.org","@graph":[{"@type":"Article","@id":"https:\/\/rco.be\/rco-partenaire-audiovisuel-de-lucm-namur\/#article","isPartOf":{"@id":"https:\/\/rco.be\/rco-partenaire-audiovisuel-de-lucm-namur\/"},"author":{"name":"Vincent Gerlache","@id":"https:\/\/rco.be\/#\/schema\/person\/a666fdb120b989d49be48140a45449d3"},"headline":"RCO, partenaire audiovisuel de l&rsquo;UCM Namur","datePublished":"2025-06-10T09:32:01+00:00","dateModified":"2025-06-10T19:41:04+00:00","mainEntityOfPage":{"@id":"https:\/\/rco.be\/rco-partenaire-audiovisuel-de-lucm-namur\/"},"wordCount":233,"publisher":{"@id":"https:\/\/rco.be\/#organization"},"image":{"@id":"https:\/\/rco.be\/rco-partenaire-audiovisuel-de-lucm-namur\/#primaryimage"},"thumbnailUrl":"https:\/\/rco.be\/wp-content\/uploads\/2024\/10\/e01e6d1c-bbaa-4693-9149-041ee6908c3b.jpg","articleSection":["Actualit\u00e9s"],"inLanguage":"en-GB"},{"@type":"WebPage","@id":"https:\/\/rco.be\/rco-partenaire-audiovisuel-de-lucm-namur\/","url":"https:\/\/rco.be\/rco-partenaire-audiovisuel-de-lucm-namur\/","name":"RCO, partenaire audiovisuel de l'UCM Namur - RCO","isPartOf":{"@id":"https:\/\/rco.be\/#website"},"primaryImageOfPage":{"@id":"https:\/\/rco.be\/rco-partenaire-audiovisuel-de-lucm-namur\/#primaryimage"},"image":{"@id":"https:\/\/rco.be\/rco-partenaire-audiovisuel-de-lucm-namur\/#primaryimage"},"thumbnailUrl":"https:\/\/rco.be\/wp-content\/uploads\/2024\/10\/e01e6d1c-bbaa-4693-9149-041ee6908c3b.jpg","datePublished":"2025-06-10T09:32:01+00:00","dateModified":"2025-06-10T19:41:04+00:00","breadcrumb":{"@id":"https:\/\/rco.be\/rco-partenaire-audiovisuel-de-lucm-namur\/#breadcrumb"},"inLanguage":"en-GB","potentialAction":[{"@type":"ReadAction","target":["https:\/\/rco.be\/rco-partenaire-audiovisuel-de-lucm-namur\/"]}]},{"@type":"ImageObject","inLanguage":"en-GB","@id":"https:\/\/rco.be\/rco-partenaire-audiovisuel-de-lucm-namur\/#primaryimage","url":"https:\/\/rco.be\/wp-content\/uploads\/2024\/10\/e01e6d1c-bbaa-4693-9149-041ee6908c3b.jpg","contentUrl":"https:\/\/rco.be\/wp-content\/uploads\/2024\/10\/e01e6d1c-bbaa-4693-9149-041ee6908c3b.jpg","width":600,"height":800},{"@type":"BreadcrumbList","@id":"https:\/\/rco.be\/rco-partenaire-audiovisuel-de-lucm-namur\/#breadcrumb","itemListElement":[{"@type":"ListItem","position":1,"name":"Accueil","item":"https:\/\/rco.be\/"},{"@type":"ListItem","position":2,"name":"RCO, partenaire audiovisuel de l&rsquo;UCM Namur"}]},{"@type":"WebSite","@id":"https:\/\/rco.be\/#website","url":"https:\/\/rco.be\/","name":"RCO","description":"Audiovisual Project Designer","publisher":{"@id":"https:\/\/rco.be\/#organization"},"potentialAction":[{"@type":"SearchAction","target":{"@type":"EntryPoint","urlTemplate":"https:\/\/rco.be\/?s={search_term_string}"},"query-input":{"@type":"PropertyValueSpecification","valueRequired":true,"valueName":"search_term_string"}}],"inLanguage":"en-GB"},{"@type":"Organization","@id":"https:\/\/rco.be\/#organization","name":"RCO","url":"https:\/\/rco.be\/","logo":{"@type":"ImageObject","inLanguage":"en-GB","@id":"https:\/\/rco.be\/#\/schema\/logo\/image\/","url":"https:\/\/rco.be\/wp-content\/uploads\/2022\/06\/logo-rco-couleur-hd.png","contentUrl":"https:\/\/rco.be\/wp-content\/uploads\/2022\/06\/logo-rco-couleur-hd.png","width":266,"height":100,"caption":"RCO"},"image":{"@id":"https:\/\/rco.be\/#\/schema\/logo\/image\/"},"sameAs":["https:\/\/www.facebook.com\/RCOSMART\/"]},{"@type":"Person","@id":"https:\/\/rco.be\/#\/schema\/person\/a666fdb120b989d49be48140a45449d3","name":"Vincent Gerlache","image":{"@type":"ImageObject","inLanguage":"en-GB","@id":"https:\/\/rco.be\/#\/schema\/person\/image\/","url":"https:\/\/secure.gravatar.com\/avatar\/600ef80fbbd936c10ad05f2fef1df8c12b8b10d0027b565e1c9c19270472cd74?s=96&d=mm&r=g","contentUrl":"https:\/\/secure.gravatar.com\/avatar\/600ef80fbbd936c10ad05f2fef1df8c12b8b10d0027b565e1c9c19270472cd74?s=96&d=mm&r=g","caption":"Vincent Gerlache"},"url":"https:\/\/rco.be\/en\/author\/vgerlache\/"}]}},"_links":{"self":[{"href":"https:\/\/rco.be\/en\/wp-json\/wp\/v2\/posts\/5086","targetHints":{"allow":["GET"]}}],"collection":[{"href":"https:\/\/rco.be\/en\/wp-json\/wp\/v2\/posts"}],"about":[{"href":"https:\/\/rco.be\/en\/wp-json\/wp\/v2\/types\/post"}],"author":[{"embeddable":true,"href":"https:\/\/rco.be\/en\/wp-json\/wp\/v2\/users\/2"}],"replies":[{"embeddable":true,"href":"https:\/\/rco.be\/en\/wp-json\/wp\/v2\/comments?post=5086"}],"version-history":[{"count":7,"href":"https:\/\/rco.be\/en\/wp-json\/wp\/v2\/posts\/5086\/revisions"}],"predecessor-version":[{"id":13357,"href":"https:\/\/rco.be\/en\/wp-json\/wp\/v2\/posts\/5086\/revisions\/13357"}],"wp:featuredmedia":[{"embeddable":true,"href":"https:\/\/rco.be\/en\/wp-json\/wp\/v2\/media\/5088"}],"wp:attachment":[{"href":"https:\/\/rco.be\/en\/wp-json\/wp\/v2\/media?parent=5086"}],"wp:term":[{"taxonomy":"category","embeddable":true,"href":"https:\/\/rco.be\/en\/wp-json\/wp\/v2\/categories?post=5086"},{"taxonomy":"post_tag","embeddable":true,"href":"https:\/\/rco.be\/en\/wp-json\/wp\/v2\/tags?post=5086"}],"curies":[{"name":"wp","href":"https:\/\/api.w.org\/{rel}","templated":true}]}}